{"id":4429,"date":"2019-03-04T18:45:30","date_gmt":"2019-03-04T18:45:30","guid":{"rendered":"https:\/\/www.enjoysailing.ro\/?p=4429"},"modified":"2025-10-21T11:43:26","modified_gmt":"2025-10-21T09:43:26","slug":"calendar-regate-2019","status":"publish","type":"post","link":"https:\/\/www.enjoysailing.ro\/en\/calendar-regate-2019\/","title":{"rendered":"Calendar regate 2019"},"content":{"rendered":"<p>[av_textblock size=&#8221; font_color=&#8221; color=&#8221; av-medium-font-size=&#8221; av-small-font-size=&#8221; av-mini-font-size=&#8221; admin_preview_bg=&#8221;]<\/p>\n<h1 style=\"text-align: center;\">Calendar regate yachting 2019<\/h1>\n<p>[\/av_textblock]<\/p>\n<p>[av_image src=&#8217;https:\/\/www.enjoysailing.ro\/wp-content\/uploads\/2018\/03\/regate-yachting-960&#215;430.jpg&#8217; attachment=&#8217;4256&#8242; attachment_size=&#8217;featured&#8217; align=&#8217;center&#8217; styling=&#8221; hover=&#8221; link=&#8221; target=&#8221; caption=&#8221; font_size=&#8221; appearance=&#8221; overlay_opacity=&#8217;0.4&#8242; overlay_color=&#8217;#000000&#8242; overlay_text_color=&#8217;#ffffff&#8217; animation=&#8217;no-animation&#8217; admin_preview_bg=&#8221;][\/av_image]<\/p>\n<p>[av_textblock size=&#8221; font_color=&#8221; color=&#8221; av-medium-font-size=&#8221; av-small-font-size=&#8221; av-mini-font-size=&#8221; admin_preview_bg=&#8221;]<\/p>\n<h2 style=\"text-align: center;\">Calendar Competi\u0163ional Offshore 2019<\/h2>\n<p>[\/av_textblock]<\/p>\n<p>[av_one_half first min_height=&#8221; vertical_alignment=&#8221; space=&#8221; custom_margin=&#8221; margin=&#8217;0px&#8217; padding=&#8217;0px&#8217; border=&#8221; border_color=&#8221; radius=&#8217;0px&#8217; background_color=&#8221; src=&#8221; background_position=&#8217;top left&#8217; background_repeat=&#8217;no-repeat&#8217; animation=&#8221; mobile_breaking=&#8221; mobile_display=&#8221;]<\/p>\n<p>[av_heading tag=&#8217;h2&#8242; padding=&#8217;10&#8217; heading=&#8217;Mai&#8217; color=&#8221; style=&#8217;blockquote classic-quote&#8217; custom_font=&#8221; size=&#8221; subheading_active=&#8221; subheading_size=&#8217;15&#8217; custom_class=&#8221; admin_preview_bg=&#8221; av-desktop-hide=&#8221; av-medium-hide=&#8221; av-small-hide=&#8221; av-mini-hide=&#8221; av-medium-font-size-title=&#8221; av-small-font-size-title=&#8221; av-mini-font-size-title=&#8221; av-medium-font-size=&#8221; av-small-font-size=&#8221; av-mini-font-size=&#8221;][\/av_heading]<\/p>\n<p>[av_iconlist position=&#8217;left&#8217; iconlist_styling=&#8217;av-iconlist-small&#8217; custom_title_size=&#8221; custom_content_size=&#8221; font_color=&#8221; custom_title=&#8221; custom_content=&#8221; color=&#8217;custom&#8217; custom_bg=&#8217;#7bb0e7&#8242; custom_font=&#8217;#ffffff&#8217; custom_border=&#8221; av-medium-font-size-title=&#8221; av-small-font-size-title=&#8221; av-mini-font-size-title=&#8221; av-medium-font-size=&#8221; av-small-font-size=&#8221; av-mini-font-size=&#8221; admin_preview_bg=&#8221;]<br \/>\n[av_iconlist_item title=&#8217;Data&#8217; link=&#8221; linktarget=&#8221; linkelement=&#8221; icon=&#8217;ue85b&#8217; font=&#8217;entypo-fontello&#8217;]<\/p>\n<h3>23-26 Mai<\/h3>\n<p>[\/av_iconlist_item]<br \/>\n[av_iconlist_item title=&#8217;Eveniment&#8217; link=&#8221; linktarget=&#8221; linkelement=&#8221; icon=&#8217;ue8a8&#8242; font=&#8217;entypo-fontello&#8217;]<\/p>\n<div class=\"event\">\n<h3>Varna Channel Cup<\/h3>\n<\/div>\n<p>[\/av_iconlist_item]<br \/>\n[av_iconlist_item title=&#8217;Locul de desf\u0103\u015furare&#8217; link=&#8221; linktarget=&#8221; linkelement=&#8221; icon=&#8217;ue842&#8242; font=&#8217;entypo-fontello&#8217;]<\/p>\n<h3>Varna<\/h3>\n<p>[\/av_iconlist_item]<br \/>\n[\/av_iconlist]<\/p>\n<p>[av_iconlist position=&#8217;left&#8217; iconlist_styling=&#8217;av-iconlist-small&#8217; custom_title_size=&#8221; custom_content_size=&#8221; font_color=&#8221; custom_title=&#8221; custom_content=&#8221; color=&#8217;custom&#8217; custom_bg=&#8217;#7bb0e7&#8242; custom_font=&#8217;#ffffff&#8217; custom_border=&#8221; av-medium-font-size-title=&#8221; av-small-font-size-title=&#8221; av-mini-font-size-title=&#8221; av-medium-font-size=&#8221; av-small-font-size=&#8221; av-mini-font-size=&#8221; admin_preview_bg=&#8221;]<br \/>\n[av_iconlist_item title=&#8217;Data&#8217; link=&#8221; linktarget=&#8221; linkelement=&#8221; icon=&#8217;ue85b&#8217; font=&#8217;entypo-fontello&#8217;]<\/p>\n<h3>31 Mai &#8211; 2 Iunie<\/h3>\n<p>[\/av_iconlist_item]<br \/>\n[av_iconlist_item title=&#8217;Eveniment&#8217; link=&#8221; linktarget=&#8221; linkelement=&#8221; icon=&#8217;ue8a8&#8242; font=&#8217;entypo-fontello&#8217;]<\/p>\n<div class=\"event\">\n<h3>Seanergya Regatta<\/h3>\n<\/div>\n<p>[\/av_iconlist_item]<br \/>\n[av_iconlist_item title=&#8217;Locul de desf\u0103\u015furare&#8217; link=&#8221; linktarget=&#8221; linkelement=&#8221; icon=&#8217;ue842&#8242; font=&#8217;entypo-fontello&#8217;]<\/p>\n<h3>Limanu<\/h3>\n<p>[\/av_iconlist_item]<br \/>\n[\/av_iconlist]<\/p>\n<p>[\/av_one_half][av_one_half min_height=&#8221; vertical_alignment=&#8221; space=&#8221; custom_margin=&#8221; margin=&#8217;0px&#8217; padding=&#8217;0px&#8217; border=&#8221; border_color=&#8221; radius=&#8217;0px&#8217; background_color=&#8221; src=&#8221; background_position=&#8217;top left&#8217; background_repeat=&#8217;no-repeat&#8217; animation=&#8221; mobile_breaking=&#8221; mobile_display=&#8221;]<\/p>\n<p>[av_heading tag=&#8217;h2&#8242; padding=&#8217;10&#8217; heading=&#8217;Iunie&#8217; color=&#8221; style=&#8217;blockquote classic-quote&#8217; custom_font=&#8221; size=&#8221; subheading_active=&#8221; subheading_size=&#8217;15&#8217; custom_class=&#8221; admin_preview_bg=&#8221; av-desktop-hide=&#8221; av-medium-hide=&#8221; av-small-hide=&#8221; av-mini-hide=&#8221; av-medium-font-size-title=&#8221; av-small-font-size-title=&#8221; av-mini-font-size-title=&#8221; av-medium-font-size=&#8221; av-small-font-size=&#8221; av-mini-font-size=&#8221;][\/av_heading]<\/p>\n<p>[av_iconlist position=&#8217;left&#8217; iconlist_styling=&#8217;av-iconlist-small&#8217; custom_title_size=&#8221; custom_content_size=&#8221; font_color=&#8221; custom_title=&#8221; custom_content=&#8221; color=&#8217;custom&#8217; custom_bg=&#8217;#7bb0e7&#8242; custom_font=&#8217;#ffffff&#8217; custom_border=&#8221; av-medium-font-size-title=&#8221; av-small-font-size-title=&#8221; av-mini-font-size-title=&#8221; av-medium-font-size=&#8221; av-small-font-size=&#8221; av-mini-font-size=&#8221; admin_preview_bg=&#8221;]<br \/>\n[av_iconlist_item title=&#8217;Data&#8217; link=&#8221; linktarget=&#8221; linkelement=&#8221; icon=&#8217;ue85b&#8217; font=&#8217;entypo-fontello&#8217;]<\/p>\n<h3>13-16 Iunie<\/h3>\n<p>[\/av_iconlist_item]<br \/>\n[av_iconlist_item title=&#8217;Eveniment&#8217; link=&#8221; linktarget=&#8221; linkelement=&#8221; icon=&#8217;ue8a8&#8242; font=&#8217;entypo-fontello&#8217;]<\/p>\n<h3>Poseidon Regatta<\/h3>\n<p>[\/av_iconlist_item]<br \/>\n[av_iconlist_item title=&#8217;Locul de desf\u0103\u015furare&#8217; link=&#8221; linktarget=&#8221; linkelement=&#8221; icon=&#8217;ue842&#8242; font=&#8217;entypo-fontello&#8217;]<\/p>\n<h3>Eforie Nord<\/h3>\n<p>[\/av_iconlist_item]<br \/>\n[\/av_iconlist]<\/p>\n<p>[av_iconlist position=&#8217;left&#8217; iconlist_styling=&#8217;av-iconlist-small&#8217; custom_title_size=&#8221; custom_content_size=&#8221; font_color=&#8221; custom_title=&#8221; custom_content=&#8221; color=&#8217;custom&#8217; custom_bg=&#8217;#7bb0e7&#8242; custom_font=&#8217;#ffffff&#8217; custom_border=&#8221; av-medium-font-size-title=&#8221; av-small-font-size-title=&#8221; av-mini-font-size-title=&#8221; av-medium-font-size=&#8221; av-small-font-size=&#8221; av-mini-font-size=&#8221; admin_preview_bg=&#8221;]<br \/>\n[av_iconlist_item title=&#8217;Data&#8217; link=&#8221; linktarget=&#8221; linkelement=&#8221; icon=&#8217;ue85b&#8217; font=&#8217;entypo-fontello&#8217;]<\/p>\n<h3>13-22 Iunie<\/h3>\n<p>[\/av_iconlist_item]<br \/>\n[av_iconlist_item title=&#8217;Eveniment&#8217; link=&#8221; linktarget=&#8221; linkelement=&#8221; icon=&#8217;ue8a8&#8242; font=&#8217;entypo-fontello&#8217;]<\/p>\n<h3>Black Sea Championship<\/h3>\n<p>[\/av_iconlist_item]<br \/>\n[av_iconlist_item title=&#8217;Locul de desf\u0103\u015furare&#8217; link=&#8221; linktarget=&#8221; linkelement=&#8221; icon=&#8217;ue842&#8242; font=&#8217;entypo-fontello&#8217;]<\/p>\n<div class=\"month\">\n<div class=\"event\">\n<h3>Eforie Nord \u2013 Balchik \u2013 Istanbul<\/h3>\n<\/div>\n<\/div>\n<p>[\/av_iconlist_item]<br \/>\n[\/av_iconlist]<\/p>\n<p>[\/av_one_half][av_one_half first min_height=&#8221; vertical_alignment=&#8221; space=&#8221; custom_margin=&#8221; margin=&#8217;0px&#8217; padding=&#8217;0px&#8217; border=&#8221; border_color=&#8221; radius=&#8217;0px&#8217; background_color=&#8221; src=&#8221; background_position=&#8217;top left&#8217; background_repeat=&#8217;no-repeat&#8217; animation=&#8221; mobile_breaking=&#8221; mobile_display=&#8221;]<\/p>\n<p>[av_heading tag=&#8217;h2&#8242; padding=&#8217;10&#8217; heading=&#8217;Iulie&#8217; color=&#8221; style=&#8217;blockquote classic-quote&#8217; custom_font=&#8221; size=&#8221; subheading_active=&#8221; subheading_size=&#8217;15&#8217; custom_class=&#8221; admin_preview_bg=&#8221; av-desktop-hide=&#8221; av-medium-hide=&#8221; av-small-hide=&#8221; av-mini-hide=&#8221; av-medium-font-size-title=&#8221; av-small-font-size-title=&#8221; av-mini-font-size-title=&#8221; av-medium-font-size=&#8221; av-small-font-size=&#8221; av-mini-font-size=&#8221;][\/av_heading]<\/p>\n<p>[av_iconlist position=&#8217;left&#8217; iconlist_styling=&#8217;av-iconlist-small&#8217; custom_title_size=&#8221; custom_content_size=&#8221; font_color=&#8221; custom_title=&#8221; custom_content=&#8221; color=&#8217;custom&#8217; custom_bg=&#8217;#7bb0e7&#8242; custom_font=&#8217;#ffffff&#8217; custom_border=&#8221; av-medium-font-size-title=&#8221; av-small-font-size-title=&#8221; av-mini-font-size-title=&#8221; av-medium-font-size=&#8221; av-small-font-size=&#8221; av-mini-font-size=&#8221; admin_preview_bg=&#8221;]<br \/>\n[av_iconlist_item title=&#8217;Data&#8217; link=&#8221; linktarget=&#8221; linkelement=&#8221; icon=&#8217;ue85b&#8217; font=&#8217;entypo-fontello&#8217;]<\/p>\n<h3>5-7 Iulie<\/h3>\n<p>[\/av_iconlist_item]<br \/>\n[av_iconlist_item title=&#8217;Eveniment&#8217; link=&#8221; linktarget=&#8221; linkelement=&#8221; icon=&#8217;ue8a8&#8242; font=&#8217;entypo-fontello&#8217;]<\/p>\n<div class=\"event\">\n<h3>Ziarul Financiar Regata<\/h3>\n<\/div>\n<p>[\/av_iconlist_item]<br \/>\n[av_iconlist_item title=&#8217;Locul de desf\u0103\u015furare&#8217; link=&#8221; linktarget=&#8221; linkelement=&#8221; icon=&#8217;ue842&#8242; font=&#8217;entypo-fontello&#8217;]<\/p>\n<h3>Limanu<\/h3>\n<p>[\/av_iconlist_item]<br \/>\n[\/av_iconlist]<\/p>\n<p>[av_iconlist position=&#8217;left&#8217; iconlist_styling=&#8217;av-iconlist-small&#8217; custom_title_size=&#8221; custom_content_size=&#8221; font_color=&#8221; custom_title=&#8221; custom_content=&#8221; color=&#8217;custom&#8217; custom_bg=&#8217;#7bb0e7&#8242; custom_font=&#8217;#ffffff&#8217; custom_border=&#8221; av-medium-font-size-title=&#8221; av-small-font-size-title=&#8221; av-mini-font-size-title=&#8221; av-medium-font-size=&#8221; av-small-font-size=&#8221; av-mini-font-size=&#8221; admin_preview_bg=&#8221;]<br \/>\n[av_iconlist_item title=&#8217;Data&#8217; link=&#8221; linktarget=&#8221; linkelement=&#8221; icon=&#8217;ue85b&#8217; font=&#8217;entypo-fontello&#8217;]<\/p>\n<h3>26-28 Iulie<\/h3>\n<p>[\/av_iconlist_item]<br \/>\n[av_iconlist_item title=&#8217;Eveniment&#8217; link=&#8221; linktarget=&#8221; linkelement=&#8221; icon=&#8217;ue8a8&#8242; font=&#8217;entypo-fontello&#8217;]<\/p>\n<h3>LifeHarbour Regata<\/h3>\n<p>[\/av_iconlist_item]<br \/>\n[av_iconlist_item title=&#8217;Locul de desf\u0103\u015furare&#8217; link=&#8221; linktarget=&#8221; linkelement=&#8221; icon=&#8217;ue842&#8242; font=&#8217;entypo-fontello&#8217;]<\/p>\n<h3>Limanu<\/h3>\n<p>[\/av_iconlist_item]<br \/>\n[\/av_iconlist]<\/p>\n<p>[\/av_one_half][av_one_half min_height=&#8221; vertical_alignment=&#8221; space=&#8221; custom_margin=&#8221; margin=&#8217;0px&#8217; padding=&#8217;0px&#8217; border=&#8221; border_color=&#8221; radius=&#8217;0px&#8217; background_color=&#8221; src=&#8221; background_position=&#8217;top left&#8217; background_repeat=&#8217;no-repeat&#8217; animation=&#8221; mobile_breaking=&#8221; mobile_display=&#8221;]<\/p>\n<p>[av_heading tag=&#8217;h2&#8242; padding=&#8217;10&#8217; heading=&#8217;August&#8217; color=&#8221; style=&#8217;blockquote classic-quote&#8217; custom_font=&#8221; size=&#8221; subheading_active=&#8221; subheading_size=&#8217;15&#8217; custom_class=&#8221; admin_preview_bg=&#8221; av-desktop-hide=&#8221; av-medium-hide=&#8221; av-small-hide=&#8221; av-mini-hide=&#8221; av-medium-font-size-title=&#8221; av-small-font-size-title=&#8221; av-mini-font-size-title=&#8221; av-medium-font-size=&#8221; av-small-font-size=&#8221; av-mini-font-size=&#8221;][\/av_heading]<\/p>\n<p>[av_iconlist position=&#8217;left&#8217; iconlist_styling=&#8217;av-iconlist-small&#8217; custom_title_size=&#8221; custom_content_size=&#8221; font_color=&#8221; custom_title=&#8221; custom_content=&#8221; color=&#8217;custom&#8217; custom_bg=&#8217;#7bb0e7&#8242; custom_font=&#8217;#ffffff&#8217; custom_border=&#8221; av-medium-font-size-title=&#8221; av-small-font-size-title=&#8221; av-mini-font-size-title=&#8221; av-medium-font-size=&#8221; av-small-font-size=&#8221; av-mini-font-size=&#8221; admin_preview_bg=&#8221;]<br \/>\n[av_iconlist_item title=&#8217;Data&#8217; link=&#8221; linktarget=&#8221; linkelement=&#8221; icon=&#8217;ue85b&#8217; font=&#8217;entypo-fontello&#8217;]<\/p>\n<h3>16-18 August<\/h3>\n<p>[\/av_iconlist_item]<br \/>\n[av_iconlist_item title=&#8217;Eveniment&#8217; link=&#8221; linktarget=&#8221; linkelement=&#8221; icon=&#8217;ue8a8&#8242; font=&#8217;entypo-fontello&#8217;]<\/p>\n<h3>Bricul Mircea Regata<\/h3>\n<p>[\/av_iconlist_item]<br \/>\n[av_iconlist_item title=&#8217;Locul de desf\u0103\u015furare&#8217; link=&#8221; linktarget=&#8221; linkelement=&#8221; icon=&#8217;ue842&#8242; font=&#8217;entypo-fontello&#8217;]<\/p>\n<h3>Eforie<\/h3>\n<p>[\/av_iconlist_item]<br \/>\n[\/av_iconlist]<\/p>\n<p>[av_iconlist position=&#8217;left&#8217; iconlist_styling=&#8217;av-iconlist-small&#8217; custom_title_size=&#8221; custom_content_size=&#8221; font_color=&#8221; custom_title=&#8221; custom_content=&#8221; color=&#8217;custom&#8217; custom_bg=&#8217;#7bb0e7&#8242; custom_font=&#8217;#ffffff&#8217; custom_border=&#8221; av-medium-font-size-title=&#8221; av-small-font-size-title=&#8221; av-mini-font-size-title=&#8221; av-medium-font-size=&#8221; av-small-font-size=&#8221; av-mini-font-size=&#8221; admin_preview_bg=&#8221;]<br \/>\n[av_iconlist_item title=&#8217;Data&#8217; link=&#8221; linktarget=&#8221; linkelement=&#8221; icon=&#8217;ue85b&#8217; font=&#8217;entypo-fontello&#8217;]<\/p>\n<h3>30-01 Septembrie<\/h3>\n<p>[\/av_iconlist_item]<br \/>\n[av_iconlist_item title=&#8217;Eveniment&#8217; link=&#8221; linktarget=&#8221; linkelement=&#8221; icon=&#8217;ue8a8&#8242; font=&#8217;entypo-fontello&#8217;]<\/p>\n<h3>Callatis Regata<\/h3>\n<p>[\/av_iconlist_item]<br \/>\n[av_iconlist_item title=&#8217;Locul de desf\u0103\u015furare&#8217; link=&#8221; linktarget=&#8221; linkelement=&#8221; icon=&#8217;ue842&#8242; font=&#8217;entypo-fontello&#8217;]<\/p>\n<h3>Eforie<\/h3>\n<p>[\/av_iconlist_item]<br \/>\n[\/av_iconlist]<\/p>\n<p>[\/av_one_half][av_one_full first min_height=&#8221; vertical_alignment=&#8221; space=&#8221; custom_margin=&#8221; margin=&#8217;0px&#8217; padding=&#8217;0px&#8217; border=&#8221; border_color=&#8221; radius=&#8217;0px&#8217; background_color=&#8221; src=&#8221; background_position=&#8217;top left&#8217; background_repeat=&#8217;no-repeat&#8217; animation=&#8221; mobile_breaking=&#8221; mobile_display=&#8221;]<br \/>\n[av_heading heading=&#8217;Septembrie&#8217; tag=&#8217;h2&#8242; style=&#8217;blockquote classic-quote&#8217; size=&#8221; subheading_active=&#8221; subheading_size=&#8217;15&#8217; padding=&#8217;10&#8217; color=&#8221; custom_font=&#8221; av-medium-font-size-title=&#8221; av-small-font-size-title=&#8221; av-mini-font-size-title=&#8221; av-medium-font-size=&#8221; av-small-font-size=&#8221; av-mini-font-size=&#8221; admin_preview_bg=&#8221;][\/av_heading]<br \/>\n[\/av_one_full]<\/p>\n<p>[av_one_third first min_height=&#8221; vertical_alignment=&#8221; space=&#8221; custom_margin=&#8221; margin=&#8217;0px&#8217; padding=&#8217;0px&#8217; border=&#8221; border_color=&#8221; radius=&#8217;0px&#8217; background_color=&#8221; src=&#8221; background_position=&#8217;top left&#8217; background_repeat=&#8217;no-repeat&#8217; animation=&#8221; mobile_breaking=&#8221; mobile_display=&#8221;]<\/p>\n<p>[av_iconlist position=&#8217;left&#8217; iconlist_styling=&#8217;av-iconlist-small&#8217; custom_title_size=&#8221; custom_content_size=&#8221; font_color=&#8221; custom_title=&#8221; custom_content=&#8221; color=&#8217;custom&#8217; custom_bg=&#8217;#7bb0e7&#8242; custom_font=&#8217;#ffffff&#8217; custom_border=&#8221; av-medium-font-size-title=&#8221; av-small-font-size-title=&#8221; av-mini-font-size-title=&#8221; av-medium-font-size=&#8221; av-small-font-size=&#8221; av-mini-font-size=&#8221; admin_preview_bg=&#8221;]<br \/>\n[av_iconlist_item title=&#8217;Data&#8217; link=&#8221; linktarget=&#8221; linkelement=&#8221; icon=&#8217;ue85b&#8217; font=&#8217;entypo-fontello&#8217;]<\/p>\n<h3>7-9 Septembrie<\/h3>\n<p>[\/av_iconlist_item]<br \/>\n[av_iconlist_item title=&#8217;Eveniment&#8217; link=&#8221; linktarget=&#8221; linkelement=&#8221; icon=&#8217;ue8a8&#8242; font=&#8217;entypo-fontello&#8217;]<\/p>\n<h3>Regata IT<\/h3>\n<p>[\/av_iconlist_item]<br \/>\n[av_iconlist_item title=&#8217;Locul de desf\u0103\u015furare&#8217; link=&#8221; linktarget=&#8221; linkelement=&#8221; icon=&#8217;ue842&#8242; font=&#8217;entypo-fontello&#8217;]<\/p>\n<h3>Limanu<\/h3>\n<p>[\/av_iconlist_item]<br \/>\n[\/av_iconlist]<\/p>\n<p>[\/av_one_third][av_one_third min_height=&#8221; vertical_alignment=&#8221; space=&#8221; custom_margin=&#8221; margin=&#8217;0px&#8217; padding=&#8217;0px&#8217; border=&#8221; border_color=&#8221; radius=&#8217;0px&#8217; background_color=&#8221; src=&#8221; background_position=&#8217;top left&#8217; background_repeat=&#8217;no-repeat&#8217; animation=&#8221; mobile_breaking=&#8221; mobile_display=&#8221;]<\/p>\n<p>[av_iconlist position=&#8217;left&#8217; iconlist_styling=&#8217;av-iconlist-small&#8217; custom_title_size=&#8221; custom_content_size=&#8221; font_color=&#8221; custom_title=&#8221; custom_content=&#8221; color=&#8217;custom&#8217; custom_bg=&#8217;#7bb0e7&#8242; custom_font=&#8217;#ffffff&#8217; custom_border=&#8221; av-medium-font-size-title=&#8221; av-small-font-size-title=&#8221; av-mini-font-size-title=&#8221; av-medium-font-size=&#8221; av-small-font-size=&#8221; av-mini-font-size=&#8221; admin_preview_bg=&#8221;]<br \/>\n[av_iconlist_item title=&#8217;Data&#8217; link=&#8221; linktarget=&#8221; linkelement=&#8221; icon=&#8217;ue85b&#8217; font=&#8217;entypo-fontello&#8217;]<\/p>\n<h3>13-15 Septembrie<\/h3>\n<p>[\/av_iconlist_item]<br \/>\n[av_iconlist_item title=&#8217;Eveniment&#8217; link=&#8221; linktarget=&#8221; linkelement=&#8221; icon=&#8217;ue8a8&#8242; font=&#8217;entypo-fontello&#8217;]<\/p>\n<h3>Campionat Nat\u0327ional \u2013 Alpha Bank \u2013 Offshore Etapa 1<\/h3>\n<p>[\/av_iconlist_item]<br \/>\n[\/av_iconlist]<\/p>\n<p>[\/av_one_third][av_one_third min_height=&#8221; vertical_alignment=&#8221; space=&#8221; custom_margin=&#8221; margin=&#8217;0px&#8217; padding=&#8217;0px&#8217; border=&#8221; border_color=&#8221; radius=&#8217;0px&#8217; background_color=&#8221; src=&#8221; background_position=&#8217;top left&#8217; background_repeat=&#8217;no-repeat&#8217; animation=&#8221; mobile_breaking=&#8221; mobile_display=&#8221;]<\/p>\n<p>[av_iconlist position=&#8217;left&#8217; iconlist_styling=&#8217;av-iconlist-small&#8217; custom_title_size=&#8221; custom_content_size=&#8221; font_color=&#8221; custom_title=&#8221; custom_content=&#8221; color=&#8217;custom&#8217; custom_bg=&#8217;#7bb0e7&#8242; custom_font=&#8217;#ffffff&#8217; custom_border=&#8221; av-medium-font-size-title=&#8221; av-small-font-size-title=&#8221; av-mini-font-size-title=&#8221; av-medium-font-size=&#8221; av-small-font-size=&#8221; av-mini-font-size=&#8221; admin_preview_bg=&#8221;]<br \/>\n[av_iconlist_item title=&#8217;27-29 Septembrie&#8217; link=&#8221; linktarget=&#8221; linkelement=&#8221; icon=&#8217;ue85b&#8217; font=&#8217;entypo-fontello&#8217;]<\/p>\n<h3>21-23 Septembrie<\/h3>\n<p>[\/av_iconlist_item]<br \/>\n[av_iconlist_item title=&#8217;Eveniment&#8217; link=&#8221; linktarget=&#8221; linkelement=&#8221; icon=&#8217;ue8a8&#8242; font=&#8217;entypo-fontello&#8217;]<\/p>\n<h3>Campionat Nat\u0327ional \u2013 Alpha Bank \u2013 Offshore Etapa 2<\/h3>\n<p>[\/av_iconlist_item]<br \/>\n[\/av_iconlist]<\/p>\n<p>[\/av_one_third][av_three_fifth first min_height=&#8221; vertical_alignment=&#8221; space=&#8221; custom_margin=&#8221; margin=&#8217;0px&#8217; padding=&#8217;0px&#8217; border=&#8221; border_color=&#8221; radius=&#8217;0px&#8217; background_color=&#8221; src=&#8221; background_position=&#8217;top left&#8217; background_repeat=&#8217;no-repeat&#8217; animation=&#8221; mobile_breaking=&#8221; mobile_display=&#8221;]<br \/>\n[av_textblock size=&#8221; font_color=&#8221; color=&#8221; av-medium-font-size=&#8221; av-small-font-size=&#8221; av-mini-font-size=&#8221; admin_preview_bg=&#8221;]<br \/>\nPentru a participa la<br \/>\ncompeti\u0163iile oficiale locale sau na\u0163ionale un sportiv de performan\u0163\u0103 trebuie s\u0103 fie<br \/>\nlegitimat la un club sportiv.<br \/>\n[\/av_textblock]<\/p>\n<p>[av_textblock size=&#8221; font_color=&#8221; color=&#8221; av-medium-font-size=&#8221; av-small-font-size=&#8221; av-mini-font-size=&#8221; admin_preview_bg=&#8221;]<br \/>\nParticiparea sportivilor legitima\u0163i<br \/>\nla antrenamente \u015fi\/sau \u00eenscrierea lor la competi\u0163iile sportive sunt conditionate de<br \/>\nexisten\u0163a avizului medical favorabil, eliberat numai de unit\u0103\u0163ile de medicin\u0103 sportiv\u0103.<br \/>\n[\/av_textblock]<br \/>\n[\/av_three_fifth]<\/p>\n<p>[av_one_fifth min_height=&#8221; vertical_alignment=&#8221; space=&#8221; custom_margin=&#8221; margin=&#8217;0px&#8217; padding=&#8217;0px&#8217; border=&#8221; border_color=&#8221; radius=&#8217;0px&#8217; background_color=&#8221; src=&#8221; background_position=&#8217;top left&#8217; background_repeat=&#8217;no-repeat&#8217; animation=&#8221; mobile_breaking=&#8221; mobile_display=&#8221;][\/av_one_fifth]<\/p>\n","protected":false},"excerpt":{"rendered":"<p>[av_textblock size=&#8221; font_color=&#8221; color=&#8221; av-medium-font-size=&#8221; av-small-font-size=&#8221; av-mini-font-size=&#8221; admin_preview_bg=&#8221;] Calendar regate yachting 2019 [\/av_textblock] [av_image src=&#8217;https:\/\/www.enjoysailing.ro\/wp-content\/uploads\/2018\/03\/regate-yachting-960&#215;430.jpg&#8217; attachment=&#8217;4256&#8242; attachment_size=&#8217;featured&#8217; align=&#8217;center&#8217; styling=&#8221; hover=&#8221; link=&#8221; target=&#8221; caption=&#8221; font_size=&#8221; appearance=&#8221; overlay_opacity=&#8217;0.4&#8242; overlay_color=&#8217;#000000&#8242; overlay_text_color=&#8217;#ffffff&#8217; animation=&#8217;no-animation&#8217; admin_preview_bg=&#8221;][\/av_image] [av_textblock size=&#8221; font_color=&#8221; color=&#8221; av-medium-font-size=&#8221; av-small-font-size=&#8221; av-mini-font-size=&#8221; admin_preview_bg=&#8221;] Calendar Competi\u0163ional Offshore 2019 [\/av_textblock] [av_one_half first min_height=&#8221; vertical_alignment=&#8221; space=&#8221; custom_margin=&#8221; margin=&#8217;0px&#8217; padding=&#8217;0px&#8217; border=&#8221; border_color=&#8221; radius=&#8217;0px&#8217; background_color=&#8221; src=&#8221; background_position=&#8217;top left&#8217; background_repeat=&#8217;no-repeat&#8217; animation=&#8221; mobile_breaking=&#8221; mobile_display=&#8221;] [av_heading tag=&#8217;h2&#8242; padding=&#8217;10&#8217; heading=&#8217;Mai&#8217; color=&#8221; style=&#8217;blockquote classic-quote&#8217; custom_font=&#8221; size=&#8221; subheading_active=&#8221; subheading_size=&#8217;15&#8217; custom_class=&#8221; admin_preview_bg=&#8221; av-desktop-hide=&#8221; av-medium-hide=&#8221; av-small-hide=&#8221; av-mini-hide=&#8221; av-medium-font-size-title=&#8221; av-small-font-size-title=&#8221; av-mini-font-size-title=&#8221; av-medium-font-size=&#8221; av-small-font-size=&#8221; av-mini-font-size=&#8221;][\/av_heading] [av_iconlist position=&#8217;left&#8217; iconlist_styling=&#8217;av-iconlist-small&#8217; custom_title_size=&#8221; custom_content_size=&#8221; font_color=&#8221; custom_title=&#8221; custom_content=&#8221; color=&#8217;custom&#8217; custom_bg=&#8217;#7bb0e7&#8242; custom_font=&#8217;#ffffff&#8217; custom_border=&#8221; av-medium-font-size-title=&#8221; av-small-font-size-title=&#8221; av-mini-font-size-title=&#8221; av-medium-font-size=&#8221; av-small-font-size=&#8221; av-mini-font-size=&#8221; admin_preview_bg=&#8221;] [av_iconlist_item title=&#8217;Data&#8217; link=&#8221; linktarget=&#8221; linkelement=&#8221; icon=&#8217;ue85b&#8217; font=&#8217;entypo-fontello&#8217;] 23-26 Mai [\/av_iconlist_item] [av_iconlist_item title=&#8217;Eveniment&#8217; link=&#8221; linktarget=&#8221; linkelement=&#8221; icon=&#8217;ue8a8&#8242; font=&#8217;entypo-fontello&#8217;] Varna Channel Cup [\/av_iconlist_item] [av_iconlist_item title=&#8217;Locul de desf\u0103\u015furare&#8217; link=&#8221; linktarget=&#8221; linkelement=&#8221; icon=&#8217;ue842&#8242; font=&#8217;entypo-fontello&#8217;] Varna [\/av_iconlist_item] [\/av_iconlist] [av_iconlist position=&#8217;left&#8217; iconlist_styling=&#8217;av-iconlist-small&#8217; custom_title_size=&#8221; custom_content_size=&#8221; font_color=&#8221; custom_title=&#8221; custom_content=&#8221; color=&#8217;custom&#8217; custom_bg=&#8217;#7bb0e7&#8242; custom_font=&#8217;#ffffff&#8217; custom_border=&#8221; av-medium-font-size-title=&#8221; av-small-font-size-title=&#8221; av-mini-font-size-title=&#8221; av-medium-font-size=&#8221; av-small-font-size=&#8221; av-mini-font-size=&#8221; admin_preview_bg=&#8221;] [av_iconlist_item title=&#8217;Data&#8217; link=&#8221; linktarget=&#8221; linkelement=&#8221; icon=&#8217;ue85b&#8217; font=&#8217;entypo-fontello&#8217;] 31 Mai &#8211; 2 Iunie [\/av_iconlist_item] [av_iconlist_item title=&#8217;Eveniment&#8217; link=&#8221; linktarget=&#8221; linkelement=&#8221; icon=&#8217;ue8a8&#8242; font=&#8217;entypo-fontello&#8217;] Seanergya Regatta [\/av_iconlist_item] [av_iconlist_item title=&#8217;Locul de desf\u0103\u015furare&#8217; link=&#8221; linktarget=&#8221; linkelement=&#8221; icon=&#8217;ue842&#8242; font=&#8217;entypo-fontello&#8217;] Limanu [\/av_iconlist_item] [\/av_iconlist] [\/av_one_half][av_one_half min_height=&#8221; vertical_alignment=&#8221; space=&#8221; custom_margin=&#8221; margin=&#8217;0px&#8217; padding=&#8217;0px&#8217; border=&#8221; border_color=&#8221; radius=&#8217;0px&#8217; background_color=&#8221; src=&#8221; background_position=&#8217;top left&#8217; background_repeat=&#8217;no-repeat&#8217; animation=&#8221; mobile_breaking=&#8221; mobile_display=&#8221;] [av_heading tag=&#8217;h2&#8242; padding=&#8217;10&#8217; heading=&#8217;Iunie&#8217; color=&#8221; style=&#8217;blockquote classic-quote&#8217; custom_font=&#8221; size=&#8221; subheading_active=&#8221; subheading_size=&#8217;15&#8217; custom_class=&#8221; admin_preview_bg=&#8221; av-desktop-hide=&#8221; av-medium-hide=&#8221; av-small-hide=&#8221; av-mini-hide=&#8221; av-medium-font-size-title=&#8221; av-small-font-size-title=&#8221; av-mini-font-size-title=&#8221; av-medium-font-size=&#8221; av-small-font-size=&#8221; av-mini-font-size=&#8221;][\/av_heading] [av_iconlist position=&#8217;left&#8217; iconlist_styling=&#8217;av-iconlist-small&#8217; custom_title_size=&#8221; custom_content_size=&#8221; font_color=&#8221; custom_title=&#8221; custom_content=&#8221; color=&#8217;custom&#8217; custom_bg=&#8217;#7bb0e7&#8242; custom_font=&#8217;#ffffff&#8217; custom_border=&#8221; av-medium-font-size-title=&#8221; av-small-font-size-title=&#8221; av-mini-font-size-title=&#8221; av-medium-font-size=&#8221; av-small-font-size=&#8221; av-mini-font-size=&#8221; admin_preview_bg=&#8221;] [av_iconlist_item title=&#8217;Data&#8217; link=&#8221; linktarget=&#8221; linkelement=&#8221; icon=&#8217;ue85b&#8217; font=&#8217;entypo-fontello&#8217;] 13-16 Iunie [\/av_iconlist_item] [av_iconlist_item title=&#8217;Eveniment&#8217; link=&#8221; linktarget=&#8221; linkelement=&#8221; icon=&#8217;ue8a8&#8242; font=&#8217;entypo-fontello&#8217;] Poseidon Regatta [\/av_iconlist_item] [av_iconlist_item title=&#8217;Locul de desf\u0103\u015furare&#8217; link=&#8221; linktarget=&#8221; linkelement=&#8221; icon=&#8217;ue842&#8242; font=&#8217;entypo-fontello&#8217;] Eforie Nord [\/av_iconlist_item] [\/av_iconlist] [av_iconlist position=&#8217;left&#8217; iconlist_styling=&#8217;av-iconlist-small&#8217; custom_title_size=&#8221; custom_content_size=&#8221; font_color=&#8221; custom_title=&#8221; custom_content=&#8221; color=&#8217;custom&#8217; custom_bg=&#8217;#7bb0e7&#8242; custom_font=&#8217;#ffffff&#8217; custom_border=&#8221; av-medium-font-size-title=&#8221; av-small-font-size-title=&#8221; av-mini-font-size-title=&#8221; av-medium-font-size=&#8221; av-small-font-size=&#8221; av-mini-font-size=&#8221; admin_preview_bg=&#8221;] [av_iconlist_item title=&#8217;Data&#8217; link=&#8221; linktarget=&#8221; linkelement=&#8221; icon=&#8217;ue85b&#8217; font=&#8217;entypo-fontello&#8217;] 13-22 Iunie [\/av_iconlist_item] [av_iconlist_item title=&#8217;Eveniment&#8217; link=&#8221; linktarget=&#8221; linkelement=&#8221; icon=&#8217;ue8a8&#8242; font=&#8217;entypo-fontello&#8217;] Black Sea Championship [\/av_iconlist_item] [av_iconlist_item title=&#8217;Locul de desf\u0103\u015furare&#8217; link=&#8221; linktarget=&#8221; linkelement=&#8221; icon=&#8217;ue842&#8242; font=&#8217;entypo-fontello&#8217;] Eforie Nord \u2013 Balchik \u2013 Istanbul [\/av_iconlist_item] [\/av_iconlist] [\/av_one_half][av_one_half first min_height=&#8221; vertical_alignment=&#8221; space=&#8221; custom_margin=&#8221; margin=&#8217;0px&#8217; padding=&#8217;0px&#8217; border=&#8221; border_color=&#8221; radius=&#8217;0px&#8217; background_color=&#8221; src=&#8221; background_position=&#8217;top left&#8217; background_repeat=&#8217;no-repeat&#8217; animation=&#8221; mobile_breaking=&#8221; mobile_display=&#8221;] [av_heading tag=&#8217;h2&#8242; padding=&#8217;10&#8217; heading=&#8217;Iulie&#8217; color=&#8221; style=&#8217;blockquote classic-quote&#8217; custom_font=&#8221; size=&#8221; subheading_active=&#8221; subheading_size=&#8217;15&#8217; custom_class=&#8221; admin_preview_bg=&#8221; av-desktop-hide=&#8221; av-medium-hide=&#8221; av-small-hide=&#8221; av-mini-hide=&#8221; av-medium-font-size-title=&#8221; av-small-font-size-title=&#8221; av-mini-font-size-title=&#8221; av-medium-font-size=&#8221; av-small-font-size=&#8221; av-mini-font-size=&#8221;][\/av_heading] [av_iconlist position=&#8217;left&#8217; iconlist_styling=&#8217;av-iconlist-small&#8217; custom_title_size=&#8221; custom_content_size=&#8221; font_color=&#8221; custom_title=&#8221; custom_content=&#8221; color=&#8217;custom&#8217; custom_bg=&#8217;#7bb0e7&#8242; custom_font=&#8217;#ffffff&#8217; custom_border=&#8221; av-medium-font-size-title=&#8221; av-small-font-size-title=&#8221; av-mini-font-size-title=&#8221; av-medium-font-size=&#8221; av-small-font-size=&#8221; av-mini-font-size=&#8221; admin_preview_bg=&#8221;] [av_iconlist_item title=&#8217;Data&#8217; link=&#8221; linktarget=&#8221; linkelement=&#8221; icon=&#8217;ue85b&#8217; font=&#8217;entypo-fontello&#8217;] 5-7 Iulie [\/av_iconlist_item] [av_iconlist_item title=&#8217;Eveniment&#8217; link=&#8221; linktarget=&#8221; linkelement=&#8221; icon=&#8217;ue8a8&#8242; font=&#8217;entypo-fontello&#8217;] Ziarul Financiar Regata [\/av_iconlist_item] [av_iconlist_item title=&#8217;Locul de desf\u0103\u015furare&#8217; link=&#8221; linktarget=&#8221; linkelement=&#8221; icon=&#8217;ue842&#8242; font=&#8217;entypo-fontello&#8217;] Limanu [\/av_iconlist_item] [\/av_iconlist] [av_iconlist position=&#8217;left&#8217; iconlist_styling=&#8217;av-iconlist-small&#8217; custom_title_size=&#8221; custom_content_size=&#8221; font_color=&#8221; custom_title=&#8221; custom_content=&#8221; color=&#8217;custom&#8217; custom_bg=&#8217;#7bb0e7&#8242; custom_font=&#8217;#ffffff&#8217; custom_border=&#8221; av-medium-font-size-title=&#8221; av-small-font-size-title=&#8221; av-mini-font-size-title=&#8221; av-medium-font-size=&#8221; av-small-font-size=&#8221; av-mini-font-size=&#8221; admin_preview_bg=&#8221;] [av_iconlist_item title=&#8217;Data&#8217; link=&#8221; linktarget=&#8221; linkelement=&#8221; icon=&#8217;ue85b&#8217; font=&#8217;entypo-fontello&#8217;] 26-28 Iulie [\/av_iconlist_item] [av_iconlist_item title=&#8217;Eveniment&#8217; link=&#8221; linktarget=&#8221; linkelement=&#8221; icon=&#8217;ue8a8&#8242; font=&#8217;entypo-fontello&#8217;] LifeHarbour Regata [\/av_iconlist_item] [av_iconlist_item title=&#8217;Locul de desf\u0103\u015furare&#8217; link=&#8221; linktarget=&#8221; linkelement=&#8221; icon=&#8217;ue842&#8242; font=&#8217;entypo-fontello&#8217;] Limanu [\/av_iconlist_item] [\/av_iconlist] [\/av_one_half][av_one_half min_height=&#8221; vertical_alignment=&#8221; space=&#8221; custom_margin=&#8221; margin=&#8217;0px&#8217; padding=&#8217;0px&#8217; border=&#8221; border_color=&#8221; radius=&#8217;0px&#8217; background_color=&#8221; src=&#8221; background_position=&#8217;top left&#8217; background_repeat=&#8217;no-repeat&#8217; animation=&#8221; mobile_breaking=&#8221; mobile_display=&#8221;] [av_heading tag=&#8217;h2&#8242; padding=&#8217;10&#8217; heading=&#8217;August&#8217; color=&#8221; style=&#8217;blockquote classic-quote&#8217; custom_font=&#8221; size=&#8221; subheading_active=&#8221; subheading_size=&#8217;15&#8217; custom_class=&#8221; admin_preview_bg=&#8221; av-desktop-hide=&#8221; av-medium-hide=&#8221; av-small-hide=&#8221; av-mini-hide=&#8221; av-medium-font-size-title=&#8221; av-small-font-size-title=&#8221; av-mini-font-size-title=&#8221; av-medium-font-size=&#8221; av-small-font-size=&#8221; av-mini-font-size=&#8221;][\/av_heading] [av_iconlist position=&#8217;left&#8217; iconlist_styling=&#8217;av-iconlist-small&#8217; custom_title_size=&#8221; custom_content_size=&#8221; font_color=&#8221; custom_title=&#8221; custom_content=&#8221; color=&#8217;custom&#8217; custom_bg=&#8217;#7bb0e7&#8242; custom_font=&#8217;#ffffff&#8217; custom_border=&#8221; av-medium-font-size-title=&#8221; av-small-font-size-title=&#8221; av-mini-font-size-title=&#8221; av-medium-font-size=&#8221; av-small-font-size=&#8221; av-mini-font-size=&#8221; admin_preview_bg=&#8221;] [av_iconlist_item title=&#8217;Data&#8217; link=&#8221; linktarget=&#8221; linkelement=&#8221; icon=&#8217;ue85b&#8217; font=&#8217;entypo-fontello&#8217;] 16-18 August [\/av_iconlist_item] [av_iconlist_item title=&#8217;Eveniment&#8217; link=&#8221; linktarget=&#8221; linkelement=&#8221; icon=&#8217;ue8a8&#8242; font=&#8217;entypo-fontello&#8217;] Bricul Mircea Regata [\/av_iconlist_item] [av_iconlist_item title=&#8217;Locul de desf\u0103\u015furare&#8217; link=&#8221; linktarget=&#8221; linkelement=&#8221; icon=&#8217;ue842&#8242; font=&#8217;entypo-fontello&#8217;] Eforie [\/av_iconlist_item] [\/av_iconlist] [av_iconlist position=&#8217;left&#8217; iconlist_styling=&#8217;av-iconlist-small&#8217; custom_title_size=&#8221; custom_content_size=&#8221; font_color=&#8221; custom_title=&#8221; custom_content=&#8221; color=&#8217;custom&#8217; custom_bg=&#8217;#7bb0e7&#8242; custom_font=&#8217;#ffffff&#8217; custom_border=&#8221; av-medium-font-size-title=&#8221; av-small-font-size-title=&#8221; av-mini-font-size-title=&#8221; av-medium-font-size=&#8221; av-small-font-size=&#8221; av-mini-font-size=&#8221; admin_preview_bg=&#8221;] [av_iconlist_item title=&#8217;Data&#8217; link=&#8221; linktarget=&#8221; linkelement=&#8221; icon=&#8217;ue85b&#8217; font=&#8217;entypo-fontello&#8217;] 30-01 Septembrie [\/av_iconlist_item] [av_iconlist_item title=&#8217;Eveniment&#8217; link=&#8221; linktarget=&#8221; linkelement=&#8221; icon=&#8217;ue8a8&#8242; font=&#8217;entypo-fontello&#8217;] Callatis Regata [\/av_iconlist_item] [av_iconlist_item title=&#8217;Locul de desf\u0103\u015furare&#8217; link=&#8221; linktarget=&#8221; linkelement=&#8221; icon=&#8217;ue842&#8242; font=&#8217;entypo-fontello&#8217;] Eforie [\/av_iconlist_item] [\/av_iconlist] [\/av_one_half][av_one_full first min_height=&#8221; vertical_alignment=&#8221; space=&#8221; custom_margin=&#8221; margin=&#8217;0px&#8217; padding=&#8217;0px&#8217; border=&#8221; border_color=&#8221; radius=&#8217;0px&#8217; background_color=&#8221; src=&#8221; background_position=&#8217;top left&#8217; background_repeat=&#8217;no-repeat&#8217; animation=&#8221; mobile_breaking=&#8221; mobile_display=&#8221;] [av_heading heading=&#8217;Septembrie&#8217; tag=&#8217;h2&#8242; style=&#8217;blockquote classic-quote&#8217; size=&#8221; subheading_active=&#8221; subheading_size=&#8217;15&#8217; padding=&#8217;10&#8217; color=&#8221; custom_font=&#8221; av-medium-font-size-title=&#8221; av-small-font-size-title=&#8221; av-mini-font-size-title=&#8221; av-medium-font-size=&#8221; av-small-font-size=&#8221; av-mini-font-size=&#8221; admin_preview_bg=&#8221;][\/av_heading] [\/av_one_full] [av_one_third first min_height=&#8221; vertical_alignment=&#8221; space=&#8221; custom_margin=&#8221; margin=&#8217;0px&#8217; padding=&#8217;0px&#8217; border=&#8221; border_color=&#8221; radius=&#8217;0px&#8217; background_color=&#8221; src=&#8221; background_position=&#8217;top left&#8217; background_repeat=&#8217;no-repeat&#8217; animation=&#8221; mobile_breaking=&#8221; mobile_display=&#8221;] [av_iconlist position=&#8217;left&#8217; iconlist_styling=&#8217;av-iconlist-small&#8217; custom_title_size=&#8221; custom_content_size=&#8221; font_color=&#8221; custom_title=&#8221; custom_content=&#8221; color=&#8217;custom&#8217; custom_bg=&#8217;#7bb0e7&#8242; custom_font=&#8217;#ffffff&#8217; custom_border=&#8221; av-medium-font-size-title=&#8221; av-small-font-size-title=&#8221; av-mini-font-size-title=&#8221; av-medium-font-size=&#8221; av-small-font-size=&#8221; av-mini-font-size=&#8221; admin_preview_bg=&#8221;] [av_iconlist_item title=&#8217;Data&#8217; link=&#8221; linktarget=&#8221; linkelement=&#8221; icon=&#8217;ue85b&#8217; font=&#8217;entypo-fontello&#8217;] 7-9 Septembrie [\/av_iconlist_item] [av_iconlist_item title=&#8217;Eveniment&#8217; link=&#8221; linktarget=&#8221; linkelement=&#8221; icon=&#8217;ue8a8&#8242; font=&#8217;entypo-fontello&#8217;] Regata IT [\/av_iconlist_item] [av_iconlist_item title=&#8217;Locul de desf\u0103\u015furare&#8217; link=&#8221; linktarget=&#8221; linkelement=&#8221; icon=&#8217;ue842&#8242; font=&#8217;entypo-fontello&#8217;] Limanu [\/av_iconlist_item] [\/av_iconlist] [\/av_one_third][av_one_third min_height=&#8221; vertical_alignment=&#8221; space=&#8221; custom_margin=&#8221; margin=&#8217;0px&#8217; padding=&#8217;0px&#8217; border=&#8221; border_color=&#8221; radius=&#8217;0px&#8217; background_color=&#8221; src=&#8221; background_position=&#8217;top left&#8217; background_repeat=&#8217;no-repeat&#8217; animation=&#8221; mobile_breaking=&#8221; mobile_display=&#8221;] [av_iconlist position=&#8217;left&#8217; iconlist_styling=&#8217;av-iconlist-small&#8217; custom_title_size=&#8221; custom_content_size=&#8221; font_color=&#8221; custom_title=&#8221; custom_content=&#8221; color=&#8217;custom&#8217; custom_bg=&#8217;#7bb0e7&#8242; custom_font=&#8217;#ffffff&#8217; custom_border=&#8221; av-medium-font-size-title=&#8221; av-small-font-size-title=&#8221; av-mini-font-size-title=&#8221; av-medium-font-size=&#8221; av-small-font-size=&#8221; av-mini-font-size=&#8221; admin_preview_bg=&#8221;] [av_iconlist_item title=&#8217;Data&#8217; link=&#8221; linktarget=&#8221; linkelement=&#8221; icon=&#8217;ue85b&#8217; font=&#8217;entypo-fontello&#8217;] 13-15 Septembrie [\/av_iconlist_item] [av_iconlist_item title=&#8217;Eveniment&#8217; link=&#8221; linktarget=&#8221; linkelement=&#8221; icon=&#8217;ue8a8&#8242; font=&#8217;entypo-fontello&#8217;] Campionat Nat\u0327ional \u2013 Alpha Bank \u2013 Offshore Etapa 1 [\/av_iconlist_item] [\/av_iconlist] [\/av_one_third][av_one_third min_height=&#8221; vertical_alignment=&#8221; space=&#8221; custom_margin=&#8221; margin=&#8217;0px&#8217; padding=&#8217;0px&#8217; border=&#8221; border_color=&#8221; radius=&#8217;0px&#8217; background_color=&#8221; src=&#8221; background_position=&#8217;top left&#8217; background_repeat=&#8217;no-repeat&#8217; animation=&#8221; mobile_breaking=&#8221; mobile_display=&#8221;] [av_iconlist position=&#8217;left&#8217; iconlist_styling=&#8217;av-iconlist-small&#8217; custom_title_size=&#8221; custom_content_size=&#8221; font_color=&#8221; custom_title=&#8221; custom_content=&#8221; color=&#8217;custom&#8217; custom_bg=&#8217;#7bb0e7&#8242; custom_font=&#8217;#ffffff&#8217; custom_border=&#8221; av-medium-font-size-title=&#8221; av-small-font-size-title=&#8221; av-mini-font-size-title=&#8221; av-medium-font-size=&#8221; av-small-font-size=&#8221; av-mini-font-size=&#8221; admin_preview_bg=&#8221;] [av_iconlist_item title=&#8217;27-29 Septembrie&#8217; link=&#8221; linktarget=&#8221; linkelement=&#8221; icon=&#8217;ue85b&#8217; font=&#8217;entypo-fontello&#8217;] 21-23 Septembrie [\/av_iconlist_item] [av_iconlist_item title=&#8217;Eveniment&#8217; link=&#8221; linktarget=&#8221; linkelement=&#8221; icon=&#8217;ue8a8&#8242; font=&#8217;entypo-fontello&#8217;] Campionat Nat\u0327ional \u2013 Alpha Bank \u2013 Offshore Etapa 2 [\/av_iconlist_item] [\/av_iconlist] [\/av_one_third][av_three_fifth first min_height=&#8221; vertical_alignment=&#8221; space=&#8221; custom_margin=&#8221; margin=&#8217;0px&#8217; padding=&#8217;0px&#8217; border=&#8221; border_color=&#8221; radius=&#8217;0px&#8217; background_color=&#8221; src=&#8221; background_position=&#8217;top left&#8217; background_repeat=&#8217;no-repeat&#8217; animation=&#8221; mobile_breaking=&#8221; mobile_display=&#8221;] [av_textblock size=&#8221; font_color=&#8221; color=&#8221; av-medium-font-size=&#8221; av-small-font-size=&#8221; av-mini-font-size=&#8221; admin_preview_bg=&#8221;] Pentru a participa la competi\u0163iile oficiale locale sau na\u0163ionale un sportiv de performan\u0163\u0103 trebuie s\u0103 fie legitimat la un club sportiv. [\/av_textblock] [av_textblock size=&#8221; font_color=&#8221; color=&#8221; av-medium-font-size=&#8221; av-small-font-size=&#8221; av-mini-font-size=&#8221; admin_preview_bg=&#8221;] Participarea sportivilor legitima\u0163i la antrenamente \u015fi\/sau \u00eenscrierea lor la competi\u0163iile sportive sunt conditionate de existen\u0163a avizului medical favorabil, eliberat numai de unit\u0103\u0163ile de medicin\u0103 sportiv\u0103. [\/av_textblock] [\/av_three_fifth] [av_one_fifth min_height=&#8221; vertical_alignment=&#8221; space=&#8221; custom_margin=&#8221; margin=&#8217;0px&#8217; padding=&#8217;0px&#8217; border=&#8221; border_color=&#8221; radius=&#8217;0px&#8217; background_color=&#8221; src=&#8221; background_position=&#8217;top left&#8217; background_repeat=&#8217;no-repeat&#8217; animation=&#8221; mobile_breaking=&#8221; mobile_display=&#8221;][\/av_one_fifth]<\/p>\n","protected":false},"author":1,"featured_media":0,"comment_status":"closed","ping_status":"open","sticky":false,"template":"","format":"standard","meta":{"_acf_changed":false,"site-sidebar-layout":"default","site-content-layout":"","ast-site-content-layout":"default","site-content-style":"default","site-sidebar-style":"default","ast-global-header-display":"","ast-banner-title-visibility":"","ast-main-header-display":"","ast-hfb-above-header-display":"","ast-hfb-below-header-display":"","ast-hfb-mobile-header-display":"","site-post-title":"","ast-breadcrumbs-content":"","ast-featured-img":"","footer-sml-layout":"","ast-disable-related-posts":"","theme-transparent-header-meta":"","adv-header-id-meta":"","stick-header-meta":"","header-above-stick-meta":"","header-main-stick-meta":"","header-below-stick-meta":"","astra-migrate-meta-layouts":"default","ast-page-background-enabled":"default","ast-page-background-meta":{"desktop":{"background-color":"","background-image":"","background-repeat":"repeat","background-position":"center center","background-size":"auto","background-attachment":"scroll","background-type":"","background-media":"","overlay-type":"","overlay-color":"","overlay-opacity":"","overlay-gradient":""},"tablet":{"background-color":"","background-image":"","background-repeat":"repeat","background-position":"center center","background-size":"auto","background-attachment":"scroll","background-type":"","background-media":"","overlay-type":"","overlay-color":"","overlay-opacity":"","overlay-gradient":""},"mobile":{"background-color":"","background-image":"","background-repeat":"repeat","background-position":"center center","background-size":"auto","background-attachment":"scroll","background-type":"","background-media":"","overlay-type":"","overlay-color":"","overlay-opacity":"","overlay-gradient":""}},"ast-content-background-meta":{"desktop":{"background-color":"var(--ast-global-color-5)","background-image":"","background-repeat":"repeat","background-position":"center center","background-size":"auto","background-attachment":"scroll","background-type":"","background-media":"","overlay-type":"","overlay-color":"","overlay-opacity":"","overlay-gradient":""},"tablet":{"background-color":"var(--ast-global-color-5)","background-image":"","background-repeat":"repeat","background-position":"center center","background-size":"auto","background-attachment":"scroll","background-type":"","background-media":"","overlay-type":"","overlay-color":"","overlay-opacity":"","overlay-gradient":""},"mobile":{"background-color":"var(--ast-global-color-5)","background-image":"","background-repeat":"repeat","background-position":"center center","background-size":"auto","background-attachment":"scroll","background-type":"","background-media":"","overlay-type":"","overlay-color":"","overlay-opacity":"","overlay-gradient":""}},"footnotes":""},"categories":[162],"tags":[],"class_list":["post-4429","post","type-post","status-publish","format-standard","hentry","category-calendar-competitional-offshore-2019"],"acf":[],"yoast_head":"<!-- This site is optimized with the Yoast SEO plugin v27.4 - https:\/\/yoast.com\/product\/yoast-seo-wordpress\/ -->\n<title>Calendar regate yachting 2018 - Academia Nautica Enjoy Sailing<\/title>\n<meta name=\"robots\" content=\"index, follow, max-snippet:-1, max-image-preview:large, max-video-preview:-1\" \/>\n<link rel=\"canonical\" href=\"https:\/\/www.enjoysailing.ro\/en\/calendar-regate-2019\/\" \/>\n<meta property=\"og:locale\" content=\"en_US\" \/>\n<meta property=\"og:type\" content=\"article\" \/>\n<meta property=\"og:title\" content=\"Calendar regate yachting 2018 - Academia Nautica Enjoy Sailing\" \/>\n<meta property=\"og:description\" content=\"[av_textblock size=&#8221; font_color=&#8221; color=&#8221; av-medium-font-size=&#8221; av-small-font-size=&#8221; av-mini-font-size=&#8221; admin_preview_bg=&#8221;] Calendar regate yachting 2019 [\/av_textblock] [av_image src=&#8217;https:\/\/www.enjoysailing.ro\/wp-content\/uploads\/2018\/03\/regate-yachting-960&#215;430.jpg&#8217; attachment=&#8217;4256&#8242; attachment_size=&#8217;featured&#8217; align=&#8217;center&#8217; styling=&#8221; hover=&#8221; link=&#8221; target=&#8221; caption=&#8221; font_size=&#8221; appearance=&#8221; overlay_opacity=&#8217;0.4&#8242; overlay_color=&#8217;#000000&#8242; overlay_text_color=&#8217;#ffffff&#8217; animation=&#8217;no-animation&#8217; admin_preview_bg=&#8221;][\/av_image] [av_textblock size=&#8221; font_color=&#8221; color=&#8221; av-medium-font-size=&#8221; av-small-font-size=&#8221; av-mini-font-size=&#8221; admin_preview_bg=&#8221;] Calendar Competi\u0163ional Offshore 2019 [\/av_textblock] [av_one_half first min_height=&#8221; vertical_alignment=&#8221; space=&#8221; custom_margin=&#8221; margin=&#8217;0px&#8217; padding=&#8217;0px&#8217; border=&#8221; border_color=&#8221; radius=&#8217;0px&#8217; background_color=&#8221; src=&#8221; background_position=&#8217;top left&#8217; background_repeat=&#8217;no-repeat&#8217; animation=&#8221; mobile_breaking=&#8221; mobile_display=&#8221;] [av_heading tag=&#8217;h2&#8242; padding=&#8217;10&#8217; heading=&#8217;Mai&#8217; color=&#8221; style=&#8217;blockquote classic-quote&#8217; custom_font=&#8221; size=&#8221; subheading_active=&#8221; subheading_size=&#8217;15&#8217; custom_class=&#8221; admin_preview_bg=&#8221; av-desktop-hide=&#8221; av-medium-hide=&#8221; av-small-hide=&#8221; av-mini-hide=&#8221; av-medium-font-size-title=&#8221; av-small-font-size-title=&#8221; av-mini-font-size-title=&#8221; av-medium-font-size=&#8221; av-small-font-size=&#8221; av-mini-font-size=&#8221;][\/av_heading] [av_iconlist position=&#8217;left&#8217; iconlist_styling=&#8217;av-iconlist-small&#8217; custom_title_size=&#8221; custom_content_size=&#8221; font_color=&#8221; custom_title=&#8221; custom_content=&#8221; color=&#8217;custom&#8217; custom_bg=&#8217;#7bb0e7&#8242; custom_font=&#8217;#ffffff&#8217; custom_border=&#8221; av-medium-font-size-title=&#8221; av-small-font-size-title=&#8221; av-mini-font-size-title=&#8221; av-medium-font-size=&#8221; av-small-font-size=&#8221; av-mini-font-size=&#8221; admin_preview_bg=&#8221;] [av_iconlist_item title=&#8217;Data&#8217; link=&#8221; linktarget=&#8221; linkelement=&#8221; icon=&#8217;ue85b&#8217; font=&#8217;entypo-fontello&#8217;] 23-26 Mai [\/av_iconlist_item] [av_iconlist_item title=&#8217;Eveniment&#8217; link=&#8221; linktarget=&#8221; linkelement=&#8221; icon=&#8217;ue8a8&#8242; font=&#8217;entypo-fontello&#8217;] Varna Channel Cup [\/av_iconlist_item] [av_iconlist_item title=&#8217;Locul de desf\u0103\u015furare&#8217; link=&#8221; linktarget=&#8221; linkelement=&#8221; icon=&#8217;ue842&#8242; font=&#8217;entypo-fontello&#8217;] Varna [\/av_iconlist_item] [\/av_iconlist] [av_iconlist position=&#8217;left&#8217; iconlist_styling=&#8217;av-iconlist-small&#8217; custom_title_size=&#8221; custom_content_size=&#8221; font_color=&#8221; custom_title=&#8221; custom_content=&#8221; color=&#8217;custom&#8217; custom_bg=&#8217;#7bb0e7&#8242; custom_font=&#8217;#ffffff&#8217; custom_border=&#8221; av-medium-font-size-title=&#8221; av-small-font-size-title=&#8221; av-mini-font-size-title=&#8221; av-medium-font-size=&#8221; av-small-font-size=&#8221; av-mini-font-size=&#8221; admin_preview_bg=&#8221;] [av_iconlist_item title=&#8217;Data&#8217; link=&#8221; linktarget=&#8221; linkelement=&#8221; icon=&#8217;ue85b&#8217; font=&#8217;entypo-fontello&#8217;] 31 Mai &#8211; 2 Iunie [\/av_iconlist_item] [av_iconlist_item title=&#8217;Eveniment&#8217; link=&#8221; linktarget=&#8221; linkelement=&#8221; icon=&#8217;ue8a8&#8242; font=&#8217;entypo-fontello&#8217;] Seanergya Regatta [\/av_iconlist_item] [av_iconlist_item title=&#8217;Locul de desf\u0103\u015furare&#8217; link=&#8221; linktarget=&#8221; linkelement=&#8221; icon=&#8217;ue842&#8242; font=&#8217;entypo-fontello&#8217;] Limanu [\/av_iconlist_item] [\/av_iconlist] [\/av_one_half][av_one_half min_height=&#8221; vertical_alignment=&#8221; space=&#8221; custom_margin=&#8221; margin=&#8217;0px&#8217; padding=&#8217;0px&#8217; border=&#8221; border_color=&#8221; radius=&#8217;0px&#8217; background_color=&#8221; src=&#8221; background_position=&#8217;top left&#8217; background_repeat=&#8217;no-repeat&#8217; animation=&#8221; mobile_breaking=&#8221; mobile_display=&#8221;] [av_heading tag=&#8217;h2&#8242; padding=&#8217;10&#8217; heading=&#8217;Iunie&#8217; color=&#8221; style=&#8217;blockquote classic-quote&#8217; custom_font=&#8221; size=&#8221; subheading_active=&#8221; subheading_size=&#8217;15&#8217; custom_class=&#8221; admin_preview_bg=&#8221; av-desktop-hide=&#8221; av-medium-hide=&#8221; av-small-hide=&#8221; av-mini-hide=&#8221; av-medium-font-size-title=&#8221; av-small-font-size-title=&#8221; av-mini-font-size-title=&#8221; av-medium-font-size=&#8221; av-small-font-size=&#8221; av-mini-font-size=&#8221;][\/av_heading] [av_iconlist position=&#8217;left&#8217; iconlist_styling=&#8217;av-iconlist-small&#8217; custom_title_size=&#8221; custom_content_size=&#8221; font_color=&#8221; custom_title=&#8221; custom_content=&#8221; color=&#8217;custom&#8217; custom_bg=&#8217;#7bb0e7&#8242; custom_font=&#8217;#ffffff&#8217; custom_border=&#8221; av-medium-font-size-title=&#8221; av-small-font-size-title=&#8221; av-mini-font-size-title=&#8221; av-medium-font-size=&#8221; av-small-font-size=&#8221; av-mini-font-size=&#8221; admin_preview_bg=&#8221;] [av_iconlist_item title=&#8217;Data&#8217; link=&#8221; linktarget=&#8221; linkelement=&#8221; icon=&#8217;ue85b&#8217; font=&#8217;entypo-fontello&#8217;] 13-16 Iunie [\/av_iconlist_item] [av_iconlist_item title=&#8217;Eveniment&#8217; link=&#8221; linktarget=&#8221; linkelement=&#8221; icon=&#8217;ue8a8&#8242; font=&#8217;entypo-fontello&#8217;] Poseidon Regatta [\/av_iconlist_item] [av_iconlist_item title=&#8217;Locul de desf\u0103\u015furare&#8217; link=&#8221; linktarget=&#8221; linkelement=&#8221; icon=&#8217;ue842&#8242; font=&#8217;entypo-fontello&#8217;] Eforie Nord [\/av_iconlist_item] [\/av_iconlist] [av_iconlist position=&#8217;left&#8217; iconlist_styling=&#8217;av-iconlist-small&#8217; custom_title_size=&#8221; custom_content_size=&#8221; font_color=&#8221; custom_title=&#8221; custom_content=&#8221; color=&#8217;custom&#8217; custom_bg=&#8217;#7bb0e7&#8242; custom_font=&#8217;#ffffff&#8217; custom_border=&#8221; av-medium-font-size-title=&#8221; av-small-font-size-title=&#8221; av-mini-font-size-title=&#8221; av-medium-font-size=&#8221; av-small-font-size=&#8221; av-mini-font-size=&#8221; admin_preview_bg=&#8221;] [av_iconlist_item title=&#8217;Data&#8217; link=&#8221; linktarget=&#8221; linkelement=&#8221; icon=&#8217;ue85b&#8217; font=&#8217;entypo-fontello&#8217;] 13-22 Iunie [\/av_iconlist_item] [av_iconlist_item title=&#8217;Eveniment&#8217; link=&#8221; linktarget=&#8221; linkelement=&#8221; icon=&#8217;ue8a8&#8242; font=&#8217;entypo-fontello&#8217;] Black Sea Championship [\/av_iconlist_item] [av_iconlist_item title=&#8217;Locul de desf\u0103\u015furare&#8217; link=&#8221; linktarget=&#8221; linkelement=&#8221; icon=&#8217;ue842&#8242; font=&#8217;entypo-fontello&#8217;] Eforie Nord \u2013 Balchik \u2013 Istanbul [\/av_iconlist_item] [\/av_iconlist] [\/av_one_half][av_one_half first min_height=&#8221; vertical_alignment=&#8221; space=&#8221; custom_margin=&#8221; margin=&#8217;0px&#8217; padding=&#8217;0px&#8217; border=&#8221; border_color=&#8221; radius=&#8217;0px&#8217; background_color=&#8221; src=&#8221; background_position=&#8217;top left&#8217; background_repeat=&#8217;no-repeat&#8217; animation=&#8221; mobile_breaking=&#8221; mobile_display=&#8221;] [av_heading tag=&#8217;h2&#8242; padding=&#8217;10&#8217; heading=&#8217;Iulie&#8217; color=&#8221; style=&#8217;blockquote classic-quote&#8217; custom_font=&#8221; size=&#8221; subheading_active=&#8221; subheading_size=&#8217;15&#8217; custom_class=&#8221; admin_preview_bg=&#8221; av-desktop-hide=&#8221; av-medium-hide=&#8221; av-small-hide=&#8221; av-mini-hide=&#8221; av-medium-font-size-title=&#8221; av-small-font-size-title=&#8221; av-mini-font-size-title=&#8221; av-medium-font-size=&#8221; av-small-font-size=&#8221; av-mini-font-size=&#8221;][\/av_heading] [av_iconlist position=&#8217;left&#8217; iconlist_styling=&#8217;av-iconlist-small&#8217; custom_title_size=&#8221; custom_content_size=&#8221; font_color=&#8221; custom_title=&#8221; custom_content=&#8221; color=&#8217;custom&#8217; custom_bg=&#8217;#7bb0e7&#8242; custom_font=&#8217;#ffffff&#8217; custom_border=&#8221; av-medium-font-size-title=&#8221; av-small-font-size-title=&#8221; av-mini-font-size-title=&#8221; av-medium-font-size=&#8221; av-small-font-size=&#8221; av-mini-font-size=&#8221; admin_preview_bg=&#8221;] [av_iconlist_item title=&#8217;Data&#8217; link=&#8221; linktarget=&#8221; linkelement=&#8221; icon=&#8217;ue85b&#8217; font=&#8217;entypo-fontello&#8217;] 5-7 Iulie [\/av_iconlist_item] [av_iconlist_item title=&#8217;Eveniment&#8217; link=&#8221; linktarget=&#8221; linkelement=&#8221; icon=&#8217;ue8a8&#8242; font=&#8217;entypo-fontello&#8217;] Ziarul Financiar Regata [\/av_iconlist_item] [av_iconlist_item title=&#8217;Locul de desf\u0103\u015furare&#8217; link=&#8221; linktarget=&#8221; linkelement=&#8221; icon=&#8217;ue842&#8242; font=&#8217;entypo-fontello&#8217;] Limanu [\/av_iconlist_item] [\/av_iconlist] [av_iconlist position=&#8217;left&#8217; iconlist_styling=&#8217;av-iconlist-small&#8217; custom_title_size=&#8221; custom_content_size=&#8221; font_color=&#8221; custom_title=&#8221; custom_content=&#8221; color=&#8217;custom&#8217; custom_bg=&#8217;#7bb0e7&#8242; custom_font=&#8217;#ffffff&#8217; custom_border=&#8221; av-medium-font-size-title=&#8221; av-small-font-size-title=&#8221; av-mini-font-size-title=&#8221; av-medium-font-size=&#8221; av-small-font-size=&#8221; av-mini-font-size=&#8221; admin_preview_bg=&#8221;] [av_iconlist_item title=&#8217;Data&#8217; link=&#8221; linktarget=&#8221; linkelement=&#8221; icon=&#8217;ue85b&#8217; font=&#8217;entypo-fontello&#8217;] 26-28 Iulie [\/av_iconlist_item] [av_iconlist_item title=&#8217;Eveniment&#8217; link=&#8221; linktarget=&#8221; linkelement=&#8221; icon=&#8217;ue8a8&#8242; font=&#8217;entypo-fontello&#8217;] LifeHarbour Regata [\/av_iconlist_item] [av_iconlist_item title=&#8217;Locul de desf\u0103\u015furare&#8217; link=&#8221; linktarget=&#8221; linkelement=&#8221; icon=&#8217;ue842&#8242; font=&#8217;entypo-fontello&#8217;] Limanu [\/av_iconlist_item] [\/av_iconlist] [\/av_one_half][av_one_half min_height=&#8221; vertical_alignment=&#8221; space=&#8221; custom_margin=&#8221; margin=&#8217;0px&#8217; padding=&#8217;0px&#8217; border=&#8221; border_color=&#8221; radius=&#8217;0px&#8217; background_color=&#8221; src=&#8221; background_position=&#8217;top left&#8217; background_repeat=&#8217;no-repeat&#8217; animation=&#8221; mobile_breaking=&#8221; mobile_display=&#8221;] [av_heading tag=&#8217;h2&#8242; padding=&#8217;10&#8217; heading=&#8217;August&#8217; color=&#8221; style=&#8217;blockquote classic-quote&#8217; custom_font=&#8221; size=&#8221; subheading_active=&#8221; subheading_size=&#8217;15&#8217; custom_class=&#8221; admin_preview_bg=&#8221; av-desktop-hide=&#8221; av-medium-hide=&#8221; av-small-hide=&#8221; av-mini-hide=&#8221; av-medium-font-size-title=&#8221; av-small-font-size-title=&#8221; av-mini-font-size-title=&#8221; av-medium-font-size=&#8221; av-small-font-size=&#8221; av-mini-font-size=&#8221;][\/av_heading] [av_iconlist position=&#8217;left&#8217; iconlist_styling=&#8217;av-iconlist-small&#8217; custom_title_size=&#8221; custom_content_size=&#8221; font_color=&#8221; custom_title=&#8221; custom_content=&#8221; color=&#8217;custom&#8217; custom_bg=&#8217;#7bb0e7&#8242; custom_font=&#8217;#ffffff&#8217; custom_border=&#8221; av-medium-font-size-title=&#8221; av-small-font-size-title=&#8221; av-mini-font-size-title=&#8221; av-medium-font-size=&#8221; av-small-font-size=&#8221; av-mini-font-size=&#8221; admin_preview_bg=&#8221;] [av_iconlist_item title=&#8217;Data&#8217; link=&#8221; linktarget=&#8221; linkelement=&#8221; icon=&#8217;ue85b&#8217; font=&#8217;entypo-fontello&#8217;] 16-18 August [\/av_iconlist_item] [av_iconlist_item title=&#8217;Eveniment&#8217; link=&#8221; linktarget=&#8221; linkelement=&#8221; icon=&#8217;ue8a8&#8242; font=&#8217;entypo-fontello&#8217;] Bricul Mircea Regata [\/av_iconlist_item] [av_iconlist_item title=&#8217;Locul de desf\u0103\u015furare&#8217; link=&#8221; linktarget=&#8221; linkelement=&#8221; icon=&#8217;ue842&#8242; font=&#8217;entypo-fontello&#8217;] Eforie [\/av_iconlist_item] [\/av_iconlist] [av_iconlist position=&#8217;left&#8217; iconlist_styling=&#8217;av-iconlist-small&#8217; custom_title_size=&#8221; custom_content_size=&#8221; font_color=&#8221; custom_title=&#8221; custom_content=&#8221; color=&#8217;custom&#8217; custom_bg=&#8217;#7bb0e7&#8242; custom_font=&#8217;#ffffff&#8217; custom_border=&#8221; av-medium-font-size-title=&#8221; av-small-font-size-title=&#8221; av-mini-font-size-title=&#8221; av-medium-font-size=&#8221; av-small-font-size=&#8221; av-mini-font-size=&#8221; admin_preview_bg=&#8221;] [av_iconlist_item title=&#8217;Data&#8217; link=&#8221; linktarget=&#8221; linkelement=&#8221; icon=&#8217;ue85b&#8217; font=&#8217;entypo-fontello&#8217;] 30-01 Septembrie [\/av_iconlist_item] [av_iconlist_item title=&#8217;Eveniment&#8217; link=&#8221; linktarget=&#8221; linkelement=&#8221; icon=&#8217;ue8a8&#8242; font=&#8217;entypo-fontello&#8217;] Callatis Regata [\/av_iconlist_item] [av_iconlist_item title=&#8217;Locul de desf\u0103\u015furare&#8217; link=&#8221; linktarget=&#8221; linkelement=&#8221; icon=&#8217;ue842&#8242; font=&#8217;entypo-fontello&#8217;] Eforie [\/av_iconlist_item] [\/av_iconlist] [\/av_one_half][av_one_full first min_height=&#8221; vertical_alignment=&#8221; space=&#8221; custom_margin=&#8221; margin=&#8217;0px&#8217; padding=&#8217;0px&#8217; border=&#8221; border_color=&#8221; radius=&#8217;0px&#8217; background_color=&#8221; src=&#8221; background_position=&#8217;top left&#8217; background_repeat=&#8217;no-repeat&#8217; animation=&#8221; mobile_breaking=&#8221; mobile_display=&#8221;] [av_heading heading=&#8217;Septembrie&#8217; tag=&#8217;h2&#8242; style=&#8217;blockquote classic-quote&#8217; size=&#8221; subheading_active=&#8221; subheading_size=&#8217;15&#8217; padding=&#8217;10&#8217; color=&#8221; custom_font=&#8221; av-medium-font-size-title=&#8221; av-small-font-size-title=&#8221; av-mini-font-size-title=&#8221; av-medium-font-size=&#8221; av-small-font-size=&#8221; av-mini-font-size=&#8221; admin_preview_bg=&#8221;][\/av_heading] [\/av_one_full] [av_one_third first min_height=&#8221; vertical_alignment=&#8221; space=&#8221; custom_margin=&#8221; margin=&#8217;0px&#8217; padding=&#8217;0px&#8217; border=&#8221; border_color=&#8221; radius=&#8217;0px&#8217; background_color=&#8221; src=&#8221; background_position=&#8217;top left&#8217; background_repeat=&#8217;no-repeat&#8217; animation=&#8221; mobile_breaking=&#8221; mobile_display=&#8221;] [av_iconlist position=&#8217;left&#8217; iconlist_styling=&#8217;av-iconlist-small&#8217; custom_title_size=&#8221; custom_content_size=&#8221; font_color=&#8221; custom_title=&#8221; custom_content=&#8221; color=&#8217;custom&#8217; custom_bg=&#8217;#7bb0e7&#8242; custom_font=&#8217;#ffffff&#8217; custom_border=&#8221; av-medium-font-size-title=&#8221; av-small-font-size-title=&#8221; av-mini-font-size-title=&#8221; av-medium-font-size=&#8221; av-small-font-size=&#8221; av-mini-font-size=&#8221; admin_preview_bg=&#8221;] [av_iconlist_item title=&#8217;Data&#8217; link=&#8221; linktarget=&#8221; linkelement=&#8221; icon=&#8217;ue85b&#8217; font=&#8217;entypo-fontello&#8217;] 7-9 Septembrie [\/av_iconlist_item] [av_iconlist_item title=&#8217;Eveniment&#8217; link=&#8221; linktarget=&#8221; linkelement=&#8221; icon=&#8217;ue8a8&#8242; font=&#8217;entypo-fontello&#8217;] Regata IT [\/av_iconlist_item] [av_iconlist_item title=&#8217;Locul de desf\u0103\u015furare&#8217; link=&#8221; linktarget=&#8221; linkelement=&#8221; icon=&#8217;ue842&#8242; font=&#8217;entypo-fontello&#8217;] Limanu [\/av_iconlist_item] [\/av_iconlist] [\/av_one_third][av_one_third min_height=&#8221; vertical_alignment=&#8221; space=&#8221; custom_margin=&#8221; margin=&#8217;0px&#8217; padding=&#8217;0px&#8217; border=&#8221; border_color=&#8221; radius=&#8217;0px&#8217; background_color=&#8221; src=&#8221; background_position=&#8217;top left&#8217; background_repeat=&#8217;no-repeat&#8217; animation=&#8221; mobile_breaking=&#8221; mobile_display=&#8221;] [av_iconlist position=&#8217;left&#8217; iconlist_styling=&#8217;av-iconlist-small&#8217; custom_title_size=&#8221; custom_content_size=&#8221; font_color=&#8221; custom_title=&#8221; custom_content=&#8221; color=&#8217;custom&#8217; custom_bg=&#8217;#7bb0e7&#8242; custom_font=&#8217;#ffffff&#8217; custom_border=&#8221; av-medium-font-size-title=&#8221; av-small-font-size-title=&#8221; av-mini-font-size-title=&#8221; av-medium-font-size=&#8221; av-small-font-size=&#8221; av-mini-font-size=&#8221; admin_preview_bg=&#8221;] [av_iconlist_item title=&#8217;Data&#8217; link=&#8221; linktarget=&#8221; linkelement=&#8221; icon=&#8217;ue85b&#8217; font=&#8217;entypo-fontello&#8217;] 13-15 Septembrie [\/av_iconlist_item] [av_iconlist_item title=&#8217;Eveniment&#8217; link=&#8221; linktarget=&#8221; linkelement=&#8221; icon=&#8217;ue8a8&#8242; font=&#8217;entypo-fontello&#8217;] Campionat Nat\u0327ional \u2013 Alpha Bank \u2013 Offshore Etapa 1 [\/av_iconlist_item] [\/av_iconlist] [\/av_one_third][av_one_third min_height=&#8221; vertical_alignment=&#8221; space=&#8221; custom_margin=&#8221; margin=&#8217;0px&#8217; padding=&#8217;0px&#8217; border=&#8221; border_color=&#8221; radius=&#8217;0px&#8217; background_color=&#8221; src=&#8221; background_position=&#8217;top left&#8217; background_repeat=&#8217;no-repeat&#8217; animation=&#8221; mobile_breaking=&#8221; mobile_display=&#8221;] [av_iconlist position=&#8217;left&#8217; iconlist_styling=&#8217;av-iconlist-small&#8217; custom_title_size=&#8221; custom_content_size=&#8221; font_color=&#8221; custom_title=&#8221; custom_content=&#8221; color=&#8217;custom&#8217; custom_bg=&#8217;#7bb0e7&#8242; custom_font=&#8217;#ffffff&#8217; custom_border=&#8221; av-medium-font-size-title=&#8221; av-small-font-size-title=&#8221; av-mini-font-size-title=&#8221; av-medium-font-size=&#8221; av-small-font-size=&#8221; av-mini-font-size=&#8221; admin_preview_bg=&#8221;] [av_iconlist_item title=&#8217;27-29 Septembrie&#8217; link=&#8221; linktarget=&#8221; linkelement=&#8221; icon=&#8217;ue85b&#8217; font=&#8217;entypo-fontello&#8217;] 21-23 Septembrie [\/av_iconlist_item] [av_iconlist_item title=&#8217;Eveniment&#8217; link=&#8221; linktarget=&#8221; linkelement=&#8221; icon=&#8217;ue8a8&#8242; font=&#8217;entypo-fontello&#8217;] Campionat Nat\u0327ional \u2013 Alpha Bank \u2013 Offshore Etapa 2 [\/av_iconlist_item] [\/av_iconlist] [\/av_one_third][av_three_fifth first min_height=&#8221; vertical_alignment=&#8221; space=&#8221; custom_margin=&#8221; margin=&#8217;0px&#8217; padding=&#8217;0px&#8217; border=&#8221; border_color=&#8221; radius=&#8217;0px&#8217; background_color=&#8221; src=&#8221; background_position=&#8217;top left&#8217; background_repeat=&#8217;no-repeat&#8217; animation=&#8221; mobile_breaking=&#8221; mobile_display=&#8221;] [av_textblock size=&#8221; font_color=&#8221; color=&#8221; av-medium-font-size=&#8221; av-small-font-size=&#8221; av-mini-font-size=&#8221; admin_preview_bg=&#8221;] Pentru a participa la competi\u0163iile oficiale locale sau na\u0163ionale un sportiv de performan\u0163\u0103 trebuie s\u0103 fie legitimat la un club sportiv. [\/av_textblock] [av_textblock size=&#8221; font_color=&#8221; color=&#8221; av-medium-font-size=&#8221; av-small-font-size=&#8221; av-mini-font-size=&#8221; admin_preview_bg=&#8221;] Participarea sportivilor legitima\u0163i la antrenamente \u015fi\/sau \u00eenscrierea lor la competi\u0163iile sportive sunt conditionate de existen\u0163a avizului medical favorabil, eliberat numai de unit\u0103\u0163ile de medicin\u0103 sportiv\u0103. [\/av_textblock] [\/av_three_fifth] [av_one_fifth min_height=&#8221; vertical_alignment=&#8221; space=&#8221; custom_margin=&#8221; margin=&#8217;0px&#8217; padding=&#8217;0px&#8217; border=&#8221; border_color=&#8221; radius=&#8217;0px&#8217; background_color=&#8221; src=&#8221; background_position=&#8217;top left&#8217; background_repeat=&#8217;no-repeat&#8217; animation=&#8221; mobile_breaking=&#8221; mobile_display=&#8221;][\/av_one_fifth]\" \/>\n<meta property=\"og:url\" content=\"https:\/\/www.enjoysailing.ro\/en\/calendar-regate-2019\/\" \/>\n<meta property=\"og:site_name\" content=\"EnjoySailing.Ro\" \/>\n<meta property=\"article:publisher\" content=\"https:\/\/www.facebook.com\/pg\/EnjoySailing.ro\/\" \/>\n<meta property=\"article:published_time\" content=\"2019-03-04T18:45:30+00:00\" \/>\n<meta property=\"article:modified_time\" content=\"2025-10-21T09:43:26+00:00\" \/>\n<meta name=\"author\" content=\"admin\" \/>\n<meta name=\"twitter:card\" content=\"summary_large_image\" \/>\n<meta name=\"twitter:label1\" content=\"Written by\" \/>\n\t<meta name=\"twitter:data1\" content=\"admin\" \/>\n\t<meta name=\"twitter:label2\" content=\"Est. reading time\" \/>\n\t<meta name=\"twitter:data2\" content=\"12 minutes\" \/>\n<script type=\"application\/ld+json\" class=\"yoast-schema-graph\">{\"@context\":\"https:\\\/\\\/schema.org\",\"@graph\":[{\"@type\":\"Article\",\"@id\":\"https:\\\/\\\/www.enjoysailing.ro\\\/calendar-regate-2019\\\/#article\",\"isPartOf\":{\"@id\":\"https:\\\/\\\/www.enjoysailing.ro\\\/calendar-regate-2019\\\/\"},\"author\":{\"name\":\"admin\",\"@id\":\"https:\\\/\\\/www.enjoysailing.ro\\\/#\\\/schema\\\/person\\\/64ac13a4a83ce0d1f83bd354baef5877\"},\"headline\":\"Calendar regate 2019\",\"datePublished\":\"2019-03-04T18:45:30+00:00\",\"dateModified\":\"2025-10-21T09:43:26+00:00\",\"mainEntityOfPage\":{\"@id\":\"https:\\\/\\\/www.enjoysailing.ro\\\/calendar-regate-2019\\\/\"},\"wordCount\":1741,\"publisher\":{\"@id\":\"https:\\\/\\\/www.enjoysailing.ro\\\/#organization\"},\"articleSection\":[\"Calendar Competi\u0163ional Offshore 2019\"],\"inLanguage\":\"en-US\"},{\"@type\":\"WebPage\",\"@id\":\"https:\\\/\\\/www.enjoysailing.ro\\\/calendar-regate-2019\\\/\",\"url\":\"https:\\\/\\\/www.enjoysailing.ro\\\/calendar-regate-2019\\\/\",\"name\":\"Calendar regate yachting 2018 - Academia Nautica Enjoy Sailing\",\"isPartOf\":{\"@id\":\"https:\\\/\\\/www.enjoysailing.ro\\\/#website\"},\"datePublished\":\"2019-03-04T18:45:30+00:00\",\"dateModified\":\"2025-10-21T09:43:26+00:00\",\"breadcrumb\":{\"@id\":\"https:\\\/\\\/www.enjoysailing.ro\\\/calendar-regate-2019\\\/#breadcrumb\"},\"inLanguage\":\"en-US\",\"potentialAction\":[{\"@type\":\"ReadAction\",\"target\":[\"https:\\\/\\\/www.enjoysailing.ro\\\/calendar-regate-2019\\\/\"]}]},{\"@type\":\"BreadcrumbList\",\"@id\":\"https:\\\/\\\/www.enjoysailing.ro\\\/calendar-regate-2019\\\/#breadcrumb\",\"itemListElement\":[{\"@type\":\"ListItem\",\"position\":1,\"name\":\"Prima pagin\u0103\",\"item\":\"https:\\\/\\\/www.enjoysailing.ro\\\/\"},{\"@type\":\"ListItem\",\"position\":2,\"name\":\"Calendar regate 2019\"}]},{\"@type\":\"WebSite\",\"@id\":\"https:\\\/\\\/www.enjoysailing.ro\\\/#website\",\"url\":\"https:\\\/\\\/www.enjoysailing.ro\\\/\",\"name\":\"EnjoySailing.Ro\",\"description\":\"Academia de Naviga\u021bie Enjoy Sailing\",\"publisher\":{\"@id\":\"https:\\\/\\\/www.enjoysailing.ro\\\/#organization\"},\"potentialAction\":[{\"@type\":\"SearchAction\",\"target\":{\"@type\":\"EntryPoint\",\"urlTemplate\":\"https:\\\/\\\/www.enjoysailing.ro\\\/?s={search_term_string}\"},\"query-input\":{\"@type\":\"PropertyValueSpecification\",\"valueRequired\":true,\"valueName\":\"search_term_string\"}}],\"inLanguage\":\"en-US\"},{\"@type\":\"Organization\",\"@id\":\"https:\\\/\\\/www.enjoysailing.ro\\\/#organization\",\"name\":\"Enjoy Sailing\",\"url\":\"https:\\\/\\\/www.enjoysailing.ro\\\/\",\"logo\":{\"@type\":\"ImageObject\",\"inLanguage\":\"en-US\",\"@id\":\"https:\\\/\\\/www.enjoysailing.ro\\\/#\\\/schema\\\/logo\\\/image\\\/\",\"url\":\"https:\\\/\\\/www.enjoysailing.ro\\\/wp-content\\\/uploads\\\/2020\\\/03\\\/logobun2.png\",\"contentUrl\":\"https:\\\/\\\/www.enjoysailing.ro\\\/wp-content\\\/uploads\\\/2020\\\/03\\\/logobun2.png\",\"width\":453,\"height\":277,\"caption\":\"Enjoy Sailing\"},\"image\":{\"@id\":\"https:\\\/\\\/www.enjoysailing.ro\\\/#\\\/schema\\\/logo\\\/image\\\/\"},\"sameAs\":[\"https:\\\/\\\/www.facebook.com\\\/pg\\\/EnjoySailing.ro\\\/\",\"https:\\\/\\\/www.instagram.com\\\/enjoysailing.ro\\\/\"]},{\"@type\":\"Person\",\"@id\":\"https:\\\/\\\/www.enjoysailing.ro\\\/#\\\/schema\\\/person\\\/64ac13a4a83ce0d1f83bd354baef5877\",\"name\":\"admin\",\"image\":{\"@type\":\"ImageObject\",\"inLanguage\":\"en-US\",\"@id\":\"https:\\\/\\\/secure.gravatar.com\\\/avatar\\\/39ca31e092a40969dd10d7d418a7d5a19bb1a76874a48cbd1c8727d91ebfe462?s=96&d=mm&r=g\",\"url\":\"https:\\\/\\\/secure.gravatar.com\\\/avatar\\\/39ca31e092a40969dd10d7d418a7d5a19bb1a76874a48cbd1c8727d91ebfe462?s=96&d=mm&r=g\",\"contentUrl\":\"https:\\\/\\\/secure.gravatar.com\\\/avatar\\\/39ca31e092a40969dd10d7d418a7d5a19bb1a76874a48cbd1c8727d91ebfe462?s=96&d=mm&r=g\",\"caption\":\"admin\"},\"url\":\"https:\\\/\\\/www.enjoysailing.ro\\\/en\\\/author\\\/admin\\\/\"}]}<\/script>\n<!-- \/ Yoast SEO plugin. -->","yoast_head_json":{"title":"Calendar regate yachting 2018 - Academia Nautica Enjoy Sailing","robots":{"index":"index","follow":"follow","max-snippet":"max-snippet:-1","max-image-preview":"max-image-preview:large","max-video-preview":"max-video-preview:-1"},"canonical":"https:\/\/www.enjoysailing.ro\/en\/calendar-regate-2019\/","og_locale":"en_US","og_type":"article","og_title":"Calendar regate yachting 2018 - Academia Nautica Enjoy Sailing","og_description":"[av_textblock size=&#8221; font_color=&#8221; color=&#8221; av-medium-font-size=&#8221; av-small-font-size=&#8221; av-mini-font-size=&#8221; admin_preview_bg=&#8221;] Calendar regate yachting 2019 [\/av_textblock] [av_image src=&#8217;https:\/\/www.enjoysailing.ro\/wp-content\/uploads\/2018\/03\/regate-yachting-960&#215;430.jpg&#8217; attachment=&#8217;4256&#8242; attachment_size=&#8217;featured&#8217; align=&#8217;center&#8217; styling=&#8221; hover=&#8221; link=&#8221; target=&#8221; caption=&#8221; font_size=&#8221; appearance=&#8221; overlay_opacity=&#8217;0.4&#8242; overlay_color=&#8217;#000000&#8242; overlay_text_color=&#8217;#ffffff&#8217; animation=&#8217;no-animation&#8217; admin_preview_bg=&#8221;][\/av_image] [av_textblock size=&#8221; font_color=&#8221; color=&#8221; av-medium-font-size=&#8221; av-small-font-size=&#8221; av-mini-font-size=&#8221; admin_preview_bg=&#8221;] Calendar Competi\u0163ional Offshore 2019 [\/av_textblock] [av_one_half first min_height=&#8221; vertical_alignment=&#8221; space=&#8221; custom_margin=&#8221; margin=&#8217;0px&#8217; padding=&#8217;0px&#8217; border=&#8221; border_color=&#8221; radius=&#8217;0px&#8217; background_color=&#8221; src=&#8221; background_position=&#8217;top left&#8217; background_repeat=&#8217;no-repeat&#8217; animation=&#8221; mobile_breaking=&#8221; mobile_display=&#8221;] [av_heading tag=&#8217;h2&#8242; padding=&#8217;10&#8217; heading=&#8217;Mai&#8217; color=&#8221; style=&#8217;blockquote classic-quote&#8217; custom_font=&#8221; size=&#8221; subheading_active=&#8221; subheading_size=&#8217;15&#8217; custom_class=&#8221; admin_preview_bg=&#8221; av-desktop-hide=&#8221; av-medium-hide=&#8221; av-small-hide=&#8221; av-mini-hide=&#8221; av-medium-font-size-title=&#8221; av-small-font-size-title=&#8221; av-mini-font-size-title=&#8221; av-medium-font-size=&#8221; av-small-font-size=&#8221; av-mini-font-size=&#8221;][\/av_heading] [av_iconlist position=&#8217;left&#8217; iconlist_styling=&#8217;av-iconlist-small&#8217; custom_title_size=&#8221; custom_content_size=&#8221; font_color=&#8221; custom_title=&#8221; custom_content=&#8221; color=&#8217;custom&#8217; custom_bg=&#8217;#7bb0e7&#8242; custom_font=&#8217;#ffffff&#8217; custom_border=&#8221; av-medium-font-size-title=&#8221; av-small-font-size-title=&#8221; av-mini-font-size-title=&#8221; av-medium-font-size=&#8221; av-small-font-size=&#8221; av-mini-font-size=&#8221; admin_preview_bg=&#8221;] [av_iconlist_item title=&#8217;Data&#8217; link=&#8221; linktarget=&#8221; linkelement=&#8221; icon=&#8217;ue85b&#8217; font=&#8217;entypo-fontello&#8217;] 23-26 Mai [\/av_iconlist_item] [av_iconlist_item title=&#8217;Eveniment&#8217; link=&#8221; linktarget=&#8221; linkelement=&#8221; icon=&#8217;ue8a8&#8242; font=&#8217;entypo-fontello&#8217;] Varna Channel Cup [\/av_iconlist_item] [av_iconlist_item title=&#8217;Locul de desf\u0103\u015furare&#8217; link=&#8221; linktarget=&#8221; linkelement=&#8221; icon=&#8217;ue842&#8242; font=&#8217;entypo-fontello&#8217;] Varna [\/av_iconlist_item] [\/av_iconlist] [av_iconlist position=&#8217;left&#8217; iconlist_styling=&#8217;av-iconlist-small&#8217; custom_title_size=&#8221; custom_content_size=&#8221; font_color=&#8221; custom_title=&#8221; custom_content=&#8221; color=&#8217;custom&#8217; custom_bg=&#8217;#7bb0e7&#8242; custom_font=&#8217;#ffffff&#8217; custom_border=&#8221; av-medium-font-size-title=&#8221; av-small-font-size-title=&#8221; av-mini-font-size-title=&#8221; av-medium-font-size=&#8221; av-small-font-size=&#8221; av-mini-font-size=&#8221; admin_preview_bg=&#8221;] [av_iconlist_item title=&#8217;Data&#8217; link=&#8221; linktarget=&#8221; linkelement=&#8221; icon=&#8217;ue85b&#8217; font=&#8217;entypo-fontello&#8217;] 31 Mai &#8211; 2 Iunie [\/av_iconlist_item] [av_iconlist_item title=&#8217;Eveniment&#8217; link=&#8221; linktarget=&#8221; linkelement=&#8221; icon=&#8217;ue8a8&#8242; font=&#8217;entypo-fontello&#8217;] Seanergya Regatta [\/av_iconlist_item] [av_iconlist_item title=&#8217;Locul de desf\u0103\u015furare&#8217; link=&#8221; linktarget=&#8221; linkelement=&#8221; icon=&#8217;ue842&#8242; font=&#8217;entypo-fontello&#8217;] Limanu [\/av_iconlist_item] [\/av_iconlist] [\/av_one_half][av_one_half min_height=&#8221; vertical_alignment=&#8221; space=&#8221; custom_margin=&#8221; margin=&#8217;0px&#8217; padding=&#8217;0px&#8217; border=&#8221; border_color=&#8221; radius=&#8217;0px&#8217; background_color=&#8221; src=&#8221; background_position=&#8217;top left&#8217; background_repeat=&#8217;no-repeat&#8217; animation=&#8221; mobile_breaking=&#8221; mobile_display=&#8221;] [av_heading tag=&#8217;h2&#8242; padding=&#8217;10&#8217; heading=&#8217;Iunie&#8217; color=&#8221; style=&#8217;blockquote classic-quote&#8217; custom_font=&#8221; size=&#8221; subheading_active=&#8221; subheading_size=&#8217;15&#8217; custom_class=&#8221; admin_preview_bg=&#8221; av-desktop-hide=&#8221; av-medium-hide=&#8221; av-small-hide=&#8221; av-mini-hide=&#8221; av-medium-font-size-title=&#8221; av-small-font-size-title=&#8221; av-mini-font-size-title=&#8221; av-medium-font-size=&#8221; av-small-font-size=&#8221; av-mini-font-size=&#8221;][\/av_heading] [av_iconlist position=&#8217;left&#8217; iconlist_styling=&#8217;av-iconlist-small&#8217; custom_title_size=&#8221; custom_content_size=&#8221; font_color=&#8221; custom_title=&#8221; custom_content=&#8221; color=&#8217;custom&#8217; custom_bg=&#8217;#7bb0e7&#8242; custom_font=&#8217;#ffffff&#8217; custom_border=&#8221; av-medium-font-size-title=&#8221; av-small-font-size-title=&#8221; av-mini-font-size-title=&#8221; av-medium-font-size=&#8221; av-small-font-size=&#8221; av-mini-font-size=&#8221; admin_preview_bg=&#8221;] [av_iconlist_item title=&#8217;Data&#8217; link=&#8221; linktarget=&#8221; linkelement=&#8221; icon=&#8217;ue85b&#8217; font=&#8217;entypo-fontello&#8217;] 13-16 Iunie [\/av_iconlist_item] [av_iconlist_item title=&#8217;Eveniment&#8217; link=&#8221; linktarget=&#8221; linkelement=&#8221; icon=&#8217;ue8a8&#8242; font=&#8217;entypo-fontello&#8217;] Poseidon Regatta [\/av_iconlist_item] [av_iconlist_item title=&#8217;Locul de desf\u0103\u015furare&#8217; link=&#8221; linktarget=&#8221; linkelement=&#8221; icon=&#8217;ue842&#8242; font=&#8217;entypo-fontello&#8217;] Eforie Nord [\/av_iconlist_item] [\/av_iconlist] [av_iconlist position=&#8217;left&#8217; iconlist_styling=&#8217;av-iconlist-small&#8217; custom_title_size=&#8221; custom_content_size=&#8221; font_color=&#8221; custom_title=&#8221; custom_content=&#8221; color=&#8217;custom&#8217; custom_bg=&#8217;#7bb0e7&#8242; custom_font=&#8217;#ffffff&#8217; custom_border=&#8221; av-medium-font-size-title=&#8221; av-small-font-size-title=&#8221; av-mini-font-size-title=&#8221; av-medium-font-size=&#8221; av-small-font-size=&#8221; av-mini-font-size=&#8221; admin_preview_bg=&#8221;] [av_iconlist_item title=&#8217;Data&#8217; link=&#8221; linktarget=&#8221; linkelement=&#8221; icon=&#8217;ue85b&#8217; font=&#8217;entypo-fontello&#8217;] 13-22 Iunie [\/av_iconlist_item] [av_iconlist_item title=&#8217;Eveniment&#8217; link=&#8221; linktarget=&#8221; linkelement=&#8221; icon=&#8217;ue8a8&#8242; font=&#8217;entypo-fontello&#8217;] Black Sea Championship [\/av_iconlist_item] [av_iconlist_item title=&#8217;Locul de desf\u0103\u015furare&#8217; link=&#8221; linktarget=&#8221; linkelement=&#8221; icon=&#8217;ue842&#8242; font=&#8217;entypo-fontello&#8217;] Eforie Nord \u2013 Balchik \u2013 Istanbul [\/av_iconlist_item] [\/av_iconlist] [\/av_one_half][av_one_half first min_height=&#8221; vertical_alignment=&#8221; space=&#8221; custom_margin=&#8221; margin=&#8217;0px&#8217; padding=&#8217;0px&#8217; border=&#8221; border_color=&#8221; radius=&#8217;0px&#8217; background_color=&#8221; src=&#8221; background_position=&#8217;top left&#8217; background_repeat=&#8217;no-repeat&#8217; animation=&#8221; mobile_breaking=&#8221; mobile_display=&#8221;] [av_heading tag=&#8217;h2&#8242; padding=&#8217;10&#8217; heading=&#8217;Iulie&#8217; color=&#8221; style=&#8217;blockquote classic-quote&#8217; custom_font=&#8221; size=&#8221; subheading_active=&#8221; subheading_size=&#8217;15&#8217; custom_class=&#8221; admin_preview_bg=&#8221; av-desktop-hide=&#8221; av-medium-hide=&#8221; av-small-hide=&#8221; av-mini-hide=&#8221; av-medium-font-size-title=&#8221; av-small-font-size-title=&#8221; av-mini-font-size-title=&#8221; av-medium-font-size=&#8221; av-small-font-size=&#8221; av-mini-font-size=&#8221;][\/av_heading] [av_iconlist position=&#8217;left&#8217; iconlist_styling=&#8217;av-iconlist-small&#8217; custom_title_size=&#8221; custom_content_size=&#8221; font_color=&#8221; custom_title=&#8221; custom_content=&#8221; color=&#8217;custom&#8217; custom_bg=&#8217;#7bb0e7&#8242; custom_font=&#8217;#ffffff&#8217; custom_border=&#8221; av-medium-font-size-title=&#8221; av-small-font-size-title=&#8221; av-mini-font-size-title=&#8221; av-medium-font-size=&#8221; av-small-font-size=&#8221; av-mini-font-size=&#8221; admin_preview_bg=&#8221;] [av_iconlist_item title=&#8217;Data&#8217; link=&#8221; linktarget=&#8221; linkelement=&#8221; icon=&#8217;ue85b&#8217; font=&#8217;entypo-fontello&#8217;] 5-7 Iulie [\/av_iconlist_item] [av_iconlist_item title=&#8217;Eveniment&#8217; link=&#8221; linktarget=&#8221; linkelement=&#8221; icon=&#8217;ue8a8&#8242; font=&#8217;entypo-fontello&#8217;] Ziarul Financiar Regata [\/av_iconlist_item] [av_iconlist_item title=&#8217;Locul de desf\u0103\u015furare&#8217; link=&#8221; linktarget=&#8221; linkelement=&#8221; icon=&#8217;ue842&#8242; font=&#8217;entypo-fontello&#8217;] Limanu [\/av_iconlist_item] [\/av_iconlist] [av_iconlist position=&#8217;left&#8217; iconlist_styling=&#8217;av-iconlist-small&#8217; custom_title_size=&#8221; custom_content_size=&#8221; font_color=&#8221; custom_title=&#8221; custom_content=&#8221; color=&#8217;custom&#8217; custom_bg=&#8217;#7bb0e7&#8242; custom_font=&#8217;#ffffff&#8217; custom_border=&#8221; av-medium-font-size-title=&#8221; av-small-font-size-title=&#8221; av-mini-font-size-title=&#8221; av-medium-font-size=&#8221; av-small-font-size=&#8221; av-mini-font-size=&#8221; admin_preview_bg=&#8221;] [av_iconlist_item title=&#8217;Data&#8217; link=&#8221; linktarget=&#8221; linkelement=&#8221; icon=&#8217;ue85b&#8217; font=&#8217;entypo-fontello&#8217;] 26-28 Iulie [\/av_iconlist_item] [av_iconlist_item title=&#8217;Eveniment&#8217; link=&#8221; linktarget=&#8221; linkelement=&#8221; icon=&#8217;ue8a8&#8242; font=&#8217;entypo-fontello&#8217;] LifeHarbour Regata [\/av_iconlist_item] [av_iconlist_item title=&#8217;Locul de desf\u0103\u015furare&#8217; link=&#8221; linktarget=&#8221; linkelement=&#8221; icon=&#8217;ue842&#8242; font=&#8217;entypo-fontello&#8217;] Limanu [\/av_iconlist_item] [\/av_iconlist] [\/av_one_half][av_one_half min_height=&#8221; vertical_alignment=&#8221; space=&#8221; custom_margin=&#8221; margin=&#8217;0px&#8217; padding=&#8217;0px&#8217; border=&#8221; border_color=&#8221; radius=&#8217;0px&#8217; background_color=&#8221; src=&#8221; background_position=&#8217;top left&#8217; background_repeat=&#8217;no-repeat&#8217; animation=&#8221; mobile_breaking=&#8221; mobile_display=&#8221;] [av_heading tag=&#8217;h2&#8242; padding=&#8217;10&#8217; heading=&#8217;August&#8217; color=&#8221; style=&#8217;blockquote classic-quote&#8217; custom_font=&#8221; size=&#8221; subheading_active=&#8221; subheading_size=&#8217;15&#8217; custom_class=&#8221; admin_preview_bg=&#8221; av-desktop-hide=&#8221; av-medium-hide=&#8221; av-small-hide=&#8221; av-mini-hide=&#8221; av-medium-font-size-title=&#8221; av-small-font-size-title=&#8221; av-mini-font-size-title=&#8221; av-medium-font-size=&#8221; av-small-font-size=&#8221; av-mini-font-size=&#8221;][\/av_heading] [av_iconlist position=&#8217;left&#8217; iconlist_styling=&#8217;av-iconlist-small&#8217; custom_title_size=&#8221; custom_content_size=&#8221; font_color=&#8221; custom_title=&#8221; custom_content=&#8221; color=&#8217;custom&#8217; custom_bg=&#8217;#7bb0e7&#8242; custom_font=&#8217;#ffffff&#8217; custom_border=&#8221; av-medium-font-size-title=&#8221; av-small-font-size-title=&#8221; av-mini-font-size-title=&#8221; av-medium-font-size=&#8221; av-small-font-size=&#8221; av-mini-font-size=&#8221; admin_preview_bg=&#8221;] [av_iconlist_item title=&#8217;Data&#8217; link=&#8221; linktarget=&#8221; linkelement=&#8221; icon=&#8217;ue85b&#8217; font=&#8217;entypo-fontello&#8217;] 16-18 August [\/av_iconlist_item] [av_iconlist_item title=&#8217;Eveniment&#8217; link=&#8221; linktarget=&#8221; linkelement=&#8221; icon=&#8217;ue8a8&#8242; font=&#8217;entypo-fontello&#8217;] Bricul Mircea Regata [\/av_iconlist_item] [av_iconlist_item title=&#8217;Locul de desf\u0103\u015furare&#8217; link=&#8221; linktarget=&#8221; linkelement=&#8221; icon=&#8217;ue842&#8242; font=&#8217;entypo-fontello&#8217;] Eforie [\/av_iconlist_item] [\/av_iconlist] [av_iconlist position=&#8217;left&#8217; iconlist_styling=&#8217;av-iconlist-small&#8217; custom_title_size=&#8221; custom_content_size=&#8221; font_color=&#8221; custom_title=&#8221; custom_content=&#8221; color=&#8217;custom&#8217; custom_bg=&#8217;#7bb0e7&#8242; custom_font=&#8217;#ffffff&#8217; custom_border=&#8221; av-medium-font-size-title=&#8221; av-small-font-size-title=&#8221; av-mini-font-size-title=&#8221; av-medium-font-size=&#8221; av-small-font-size=&#8221; av-mini-font-size=&#8221; admin_preview_bg=&#8221;] [av_iconlist_item title=&#8217;Data&#8217; link=&#8221; linktarget=&#8221; linkelement=&#8221; icon=&#8217;ue85b&#8217; font=&#8217;entypo-fontello&#8217;] 30-01 Septembrie [\/av_iconlist_item] [av_iconlist_item title=&#8217;Eveniment&#8217; link=&#8221; linktarget=&#8221; linkelement=&#8221; icon=&#8217;ue8a8&#8242; font=&#8217;entypo-fontello&#8217;] Callatis Regata [\/av_iconlist_item] [av_iconlist_item title=&#8217;Locul de desf\u0103\u015furare&#8217; link=&#8221; linktarget=&#8221; linkelement=&#8221; icon=&#8217;ue842&#8242; font=&#8217;entypo-fontello&#8217;] Eforie [\/av_iconlist_item] [\/av_iconlist] [\/av_one_half][av_one_full first min_height=&#8221; vertical_alignment=&#8221; space=&#8221; custom_margin=&#8221; margin=&#8217;0px&#8217; padding=&#8217;0px&#8217; border=&#8221; border_color=&#8221; radius=&#8217;0px&#8217; background_color=&#8221; src=&#8221; background_position=&#8217;top left&#8217; background_repeat=&#8217;no-repeat&#8217; animation=&#8221; mobile_breaking=&#8221; mobile_display=&#8221;] [av_heading heading=&#8217;Septembrie&#8217; tag=&#8217;h2&#8242; style=&#8217;blockquote classic-quote&#8217; size=&#8221; subheading_active=&#8221; subheading_size=&#8217;15&#8217; padding=&#8217;10&#8217; color=&#8221; custom_font=&#8221; av-medium-font-size-title=&#8221; av-small-font-size-title=&#8221; av-mini-font-size-title=&#8221; av-medium-font-size=&#8221; av-small-font-size=&#8221; av-mini-font-size=&#8221; admin_preview_bg=&#8221;][\/av_heading] [\/av_one_full] [av_one_third first min_height=&#8221; vertical_alignment=&#8221; space=&#8221; custom_margin=&#8221; margin=&#8217;0px&#8217; padding=&#8217;0px&#8217; border=&#8221; border_color=&#8221; radius=&#8217;0px&#8217; background_color=&#8221; src=&#8221; background_position=&#8217;top left&#8217; background_repeat=&#8217;no-repeat&#8217; animation=&#8221; mobile_breaking=&#8221; mobile_display=&#8221;] [av_iconlist position=&#8217;left&#8217; iconlist_styling=&#8217;av-iconlist-small&#8217; custom_title_size=&#8221; custom_content_size=&#8221; font_color=&#8221; custom_title=&#8221; custom_content=&#8221; color=&#8217;custom&#8217; custom_bg=&#8217;#7bb0e7&#8242; custom_font=&#8217;#ffffff&#8217; custom_border=&#8221; av-medium-font-size-title=&#8221; av-small-font-size-title=&#8221; av-mini-font-size-title=&#8221; av-medium-font-size=&#8221; av-small-font-size=&#8221; av-mini-font-size=&#8221; admin_preview_bg=&#8221;] [av_iconlist_item title=&#8217;Data&#8217; link=&#8221; linktarget=&#8221; linkelement=&#8221; icon=&#8217;ue85b&#8217; font=&#8217;entypo-fontello&#8217;] 7-9 Septembrie [\/av_iconlist_item] [av_iconlist_item title=&#8217;Eveniment&#8217; link=&#8221; linktarget=&#8221; linkelement=&#8221; icon=&#8217;ue8a8&#8242; font=&#8217;entypo-fontello&#8217;] Regata IT [\/av_iconlist_item] [av_iconlist_item title=&#8217;Locul de desf\u0103\u015furare&#8217; link=&#8221; linktarget=&#8221; linkelement=&#8221; icon=&#8217;ue842&#8242; font=&#8217;entypo-fontello&#8217;] Limanu [\/av_iconlist_item] [\/av_iconlist] [\/av_one_third][av_one_third min_height=&#8221; vertical_alignment=&#8221; space=&#8221; custom_margin=&#8221; margin=&#8217;0px&#8217; padding=&#8217;0px&#8217; border=&#8221; border_color=&#8221; radius=&#8217;0px&#8217; background_color=&#8221; src=&#8221; background_position=&#8217;top left&#8217; background_repeat=&#8217;no-repeat&#8217; animation=&#8221; mobile_breaking=&#8221; mobile_display=&#8221;] [av_iconlist position=&#8217;left&#8217; iconlist_styling=&#8217;av-iconlist-small&#8217; custom_title_size=&#8221; custom_content_size=&#8221; font_color=&#8221; custom_title=&#8221; custom_content=&#8221; color=&#8217;custom&#8217; custom_bg=&#8217;#7bb0e7&#8242; custom_font=&#8217;#ffffff&#8217; custom_border=&#8221; av-medium-font-size-title=&#8221; av-small-font-size-title=&#8221; av-mini-font-size-title=&#8221; av-medium-font-size=&#8221; av-small-font-size=&#8221; av-mini-font-size=&#8221; admin_preview_bg=&#8221;] [av_iconlist_item title=&#8217;Data&#8217; link=&#8221; linktarget=&#8221; linkelement=&#8221; icon=&#8217;ue85b&#8217; font=&#8217;entypo-fontello&#8217;] 13-15 Septembrie [\/av_iconlist_item] [av_iconlist_item title=&#8217;Eveniment&#8217; link=&#8221; linktarget=&#8221; linkelement=&#8221; icon=&#8217;ue8a8&#8242; font=&#8217;entypo-fontello&#8217;] Campionat Nat\u0327ional \u2013 Alpha Bank \u2013 Offshore Etapa 1 [\/av_iconlist_item] [\/av_iconlist] [\/av_one_third][av_one_third min_height=&#8221; vertical_alignment=&#8221; space=&#8221; custom_margin=&#8221; margin=&#8217;0px&#8217; padding=&#8217;0px&#8217; border=&#8221; border_color=&#8221; radius=&#8217;0px&#8217; background_color=&#8221; src=&#8221; background_position=&#8217;top left&#8217; background_repeat=&#8217;no-repeat&#8217; animation=&#8221; mobile_breaking=&#8221; mobile_display=&#8221;] [av_iconlist position=&#8217;left&#8217; iconlist_styling=&#8217;av-iconlist-small&#8217; custom_title_size=&#8221; custom_content_size=&#8221; font_color=&#8221; custom_title=&#8221; custom_content=&#8221; color=&#8217;custom&#8217; custom_bg=&#8217;#7bb0e7&#8242; custom_font=&#8217;#ffffff&#8217; custom_border=&#8221; av-medium-font-size-title=&#8221; av-small-font-size-title=&#8221; av-mini-font-size-title=&#8221; av-medium-font-size=&#8221; av-small-font-size=&#8221; av-mini-font-size=&#8221; admin_preview_bg=&#8221;] [av_iconlist_item title=&#8217;27-29 Septembrie&#8217; link=&#8221; linktarget=&#8221; linkelement=&#8221; icon=&#8217;ue85b&#8217; font=&#8217;entypo-fontello&#8217;] 21-23 Septembrie [\/av_iconlist_item] [av_iconlist_item title=&#8217;Eveniment&#8217; link=&#8221; linktarget=&#8221; linkelement=&#8221; icon=&#8217;ue8a8&#8242; font=&#8217;entypo-fontello&#8217;] Campionat Nat\u0327ional \u2013 Alpha Bank \u2013 Offshore Etapa 2 [\/av_iconlist_item] [\/av_iconlist] [\/av_one_third][av_three_fifth first min_height=&#8221; vertical_alignment=&#8221; space=&#8221; custom_margin=&#8221; margin=&#8217;0px&#8217; padding=&#8217;0px&#8217; border=&#8221; border_color=&#8221; radius=&#8217;0px&#8217; background_color=&#8221; src=&#8221; background_position=&#8217;top left&#8217; background_repeat=&#8217;no-repeat&#8217; animation=&#8221; mobile_breaking=&#8221; mobile_display=&#8221;] [av_textblock size=&#8221; font_color=&#8221; color=&#8221; av-medium-font-size=&#8221; av-small-font-size=&#8221; av-mini-font-size=&#8221; admin_preview_bg=&#8221;] Pentru a participa la competi\u0163iile oficiale locale sau na\u0163ionale un sportiv de performan\u0163\u0103 trebuie s\u0103 fie legitimat la un club sportiv. [\/av_textblock] [av_textblock size=&#8221; font_color=&#8221; color=&#8221; av-medium-font-size=&#8221; av-small-font-size=&#8221; av-mini-font-size=&#8221; admin_preview_bg=&#8221;] Participarea sportivilor legitima\u0163i la antrenamente \u015fi\/sau \u00eenscrierea lor la competi\u0163iile sportive sunt conditionate de existen\u0163a avizului medical favorabil, eliberat numai de unit\u0103\u0163ile de medicin\u0103 sportiv\u0103. [\/av_textblock] [\/av_three_fifth] [av_one_fifth min_height=&#8221; vertical_alignment=&#8221; space=&#8221; custom_margin=&#8221; margin=&#8217;0px&#8217; padding=&#8217;0px&#8217; border=&#8221; border_color=&#8221; radius=&#8217;0px&#8217; background_color=&#8221; src=&#8221; background_position=&#8217;top left&#8217; background_repeat=&#8217;no-repeat&#8217; animation=&#8221; mobile_breaking=&#8221; mobile_display=&#8221;][\/av_one_fifth]","og_url":"https:\/\/www.enjoysailing.ro\/en\/calendar-regate-2019\/","og_site_name":"EnjoySailing.Ro","article_publisher":"https:\/\/www.facebook.com\/pg\/EnjoySailing.ro\/","article_published_time":"2019-03-04T18:45:30+00:00","article_modified_time":"2025-10-21T09:43:26+00:00","author":"admin","twitter_card":"summary_large_image","twitter_misc":{"Written by":"admin","Est. reading time":"12 minutes"},"schema":{"@context":"https:\/\/schema.org","@graph":[{"@type":"Article","@id":"https:\/\/www.enjoysailing.ro\/calendar-regate-2019\/#article","isPartOf":{"@id":"https:\/\/www.enjoysailing.ro\/calendar-regate-2019\/"},"author":{"name":"admin","@id":"https:\/\/www.enjoysailing.ro\/#\/schema\/person\/64ac13a4a83ce0d1f83bd354baef5877"},"headline":"Calendar regate 2019","datePublished":"2019-03-04T18:45:30+00:00","dateModified":"2025-10-21T09:43:26+00:00","mainEntityOfPage":{"@id":"https:\/\/www.enjoysailing.ro\/calendar-regate-2019\/"},"wordCount":1741,"publisher":{"@id":"https:\/\/www.enjoysailing.ro\/#organization"},"articleSection":["Calendar Competi\u0163ional Offshore 2019"],"inLanguage":"en-US"},{"@type":"WebPage","@id":"https:\/\/www.enjoysailing.ro\/calendar-regate-2019\/","url":"https:\/\/www.enjoysailing.ro\/calendar-regate-2019\/","name":"Calendar regate yachting 2018 - Academia Nautica Enjoy Sailing","isPartOf":{"@id":"https:\/\/www.enjoysailing.ro\/#website"},"datePublished":"2019-03-04T18:45:30+00:00","dateModified":"2025-10-21T09:43:26+00:00","breadcrumb":{"@id":"https:\/\/www.enjoysailing.ro\/calendar-regate-2019\/#breadcrumb"},"inLanguage":"en-US","potentialAction":[{"@type":"ReadAction","target":["https:\/\/www.enjoysailing.ro\/calendar-regate-2019\/"]}]},{"@type":"BreadcrumbList","@id":"https:\/\/www.enjoysailing.ro\/calendar-regate-2019\/#breadcrumb","itemListElement":[{"@type":"ListItem","position":1,"name":"Prima pagin\u0103","item":"https:\/\/www.enjoysailing.ro\/"},{"@type":"ListItem","position":2,"name":"Calendar regate 2019"}]},{"@type":"WebSite","@id":"https:\/\/www.enjoysailing.ro\/#website","url":"https:\/\/www.enjoysailing.ro\/","name":"EnjoySailing.Ro","description":"Academia de Naviga\u021bie Enjoy Sailing","publisher":{"@id":"https:\/\/www.enjoysailing.ro\/#organization"},"potentialAction":[{"@type":"SearchAction","target":{"@type":"EntryPoint","urlTemplate":"https:\/\/www.enjoysailing.ro\/?s={search_term_string}"},"query-input":{"@type":"PropertyValueSpecification","valueRequired":true,"valueName":"search_term_string"}}],"inLanguage":"en-US"},{"@type":"Organization","@id":"https:\/\/www.enjoysailing.ro\/#organization","name":"Enjoy Sailing","url":"https:\/\/www.enjoysailing.ro\/","logo":{"@type":"ImageObject","inLanguage":"en-US","@id":"https:\/\/www.enjoysailing.ro\/#\/schema\/logo\/image\/","url":"https:\/\/www.enjoysailing.ro\/wp-content\/uploads\/2020\/03\/logobun2.png","contentUrl":"https:\/\/www.enjoysailing.ro\/wp-content\/uploads\/2020\/03\/logobun2.png","width":453,"height":277,"caption":"Enjoy Sailing"},"image":{"@id":"https:\/\/www.enjoysailing.ro\/#\/schema\/logo\/image\/"},"sameAs":["https:\/\/www.facebook.com\/pg\/EnjoySailing.ro\/","https:\/\/www.instagram.com\/enjoysailing.ro\/"]},{"@type":"Person","@id":"https:\/\/www.enjoysailing.ro\/#\/schema\/person\/64ac13a4a83ce0d1f83bd354baef5877","name":"admin","image":{"@type":"ImageObject","inLanguage":"en-US","@id":"https:\/\/secure.gravatar.com\/avatar\/39ca31e092a40969dd10d7d418a7d5a19bb1a76874a48cbd1c8727d91ebfe462?s=96&d=mm&r=g","url":"https:\/\/secure.gravatar.com\/avatar\/39ca31e092a40969dd10d7d418a7d5a19bb1a76874a48cbd1c8727d91ebfe462?s=96&d=mm&r=g","contentUrl":"https:\/\/secure.gravatar.com\/avatar\/39ca31e092a40969dd10d7d418a7d5a19bb1a76874a48cbd1c8727d91ebfe462?s=96&d=mm&r=g","caption":"admin"},"url":"https:\/\/www.enjoysailing.ro\/en\/author\/admin\/"}]}},"_links":{"self":[{"href":"https:\/\/www.enjoysailing.ro\/en\/wp-json\/wp\/v2\/posts\/4429","targetHints":{"allow":["GET"]}}],"collection":[{"href":"https:\/\/www.enjoysailing.ro\/en\/wp-json\/wp\/v2\/posts"}],"about":[{"href":"https:\/\/www.enjoysailing.ro\/en\/wp-json\/wp\/v2\/types\/post"}],"author":[{"embeddable":true,"href":"https:\/\/www.enjoysailing.ro\/en\/wp-json\/wp\/v2\/users\/1"}],"replies":[{"embeddable":true,"href":"https:\/\/www.enjoysailing.ro\/en\/wp-json\/wp\/v2\/comments?post=4429"}],"version-history":[{"count":0,"href":"https:\/\/www.enjoysailing.ro\/en\/wp-json\/wp\/v2\/posts\/4429\/revisions"}],"wp:attachment":[{"href":"https:\/\/www.enjoysailing.ro\/en\/wp-json\/wp\/v2\/media?parent=4429"}],"wp:term":[{"taxonomy":"category","embeddable":true,"href":"https:\/\/www.enjoysailing.ro\/en\/wp-json\/wp\/v2\/categories?post=4429"},{"taxonomy":"post_tag","embeddable":true,"href":"https:\/\/www.enjoysailing.ro\/en\/wp-json\/wp\/v2\/tags?post=4429"}],"curies":[{"name":"wp","href":"https:\/\/api.w.org\/{rel}","templated":true}]}}